{"id":147728,"date":"2019-04-19T08:06:48","date_gmt":"2019-04-19T06:06:48","guid":{"rendered":"https:\/\/www.kraftfuttermischwerk.de\/blogg\/?p=147728"},"modified":"2019-04-19T08:06:48","modified_gmt":"2019-04-19T06:06:48","slug":"neben-abgebrannten-afd-fahrzeugen-wurde-eine-cannabisplantage-entdeckt","status":"publish","type":"post","link":"https:\/\/www.kraftfuttermischwerk.de\/blogg\/neben-abgebrannten-afd-fahrzeugen-wurde-eine-cannabisplantage-entdeckt\/","title":{"rendered":"Neben abgebrannten AfD-Fahrzeugen wurde eine Cannabisplantage entdeckt"},"content":{"rendered":"<p>In Essen brannten gestern drei Werbefahrzeuge der AfD. Aktuell gehen die Ermittler von Brandstiftung aus, der Staatsschutz ermittelt, nichts genaues wei\u00df man nicht. Es wurde niemand verletzt. Soweit, so naja. Aber: nachdem die drei Smarts gel\u00f6scht waren, stellte man fest, dass die beim Brand entstandene Hitze die angrenzende Hausfassade besch\u00e4digt hatte. Auch Fensterscheiben des Geb\u00e4udes gingen zu Bruch. Feuerwehrleute, die das unbewohnte Haus dann betraten, fanden jede Menge bereits <a href=\"https:\/\/www.presseportal.de\/blaulicht\/pm\/11562\/4249797\">geerntetes Gras und mehr als tausend Pflanzen<\/a>. <\/p>\n<p>https:\/\/twitter.com\/rponline\/status\/1118864101252509697<\/p>\n<p>Ich gehe davon aus, dass es da keinen Zusammenhang zwischen den Autos und der Plantage gibt, auszuschlie\u00dfen ist das laut Polizei aber nicht g\u00e4nzlich. Ein kurioser Zufall ist es schon, finde ich. <\/p>\n<blockquote><p>Das Feuer ergriff auch auf die R\u00fcckseite eines Geb\u00e4udes, sodass die Feuerwehr Essen vom Innern des Geb\u00e4udes die Br\u00e4nde l\u00f6schte. Bei den L\u00f6schungen stellte die Feuerwehr in der ersten Etage eine Cannabisplantage fest und informierte die anwesenden Polizisten. Die Plantage war aber bereits abgeerntet. Nachdem auch das Fachkommissariat f\u00fcr Drogendelikte im Laufe des Tages die Ermittlungen vor Ort aufnahm, entdeckten sie eine weitere, im Keller befindliche Drogenplantage, die \u00fcber 4 bis 5 R\u00e4ume verteilt mit insgesamt mehr als 1000 noch vorhandenen Pflanzen best\u00fcckt war. Die diese Plantage war mit entsprechenden Licht- und Elektroger\u00e4ten professionell ausgestattet. Viele Elektrokabel mit Stromanbindungen befanden sich in den R\u00e4umlichkeiten und stellten f\u00fcr die Einsatzkr\u00e4fte eine erhebliche Gef\u00e4hrdung dar. Die Feuerwehr Essen unterst\u00fctzte die Polizei und nahm die Plantage vom Strom, sodass die Ermittlungen ungef\u00e4hrlich fortgesetzt werden konnten. Die Kriminalisten beschlagnahmten am heutigen Nachmittag die Cannabispflanzen und transportierten diese mit Unterst\u00fctzung von Beamten der Einsatzhundertschaft mittels LKW zur Polizeiwache. Aktuell pr\u00fcft die Polizei die Besitz- und Eigentumsverh\u00e4ltnisse der Geb\u00e4ude auf dem Gel\u00e4nde und die der dortigen R\u00e4umlichkeiten. Ob beide Delikte in einem konkreten Zusammenhang stehen ist noch unklar. Fest steht, dass es Parallelen der Verantwortlichkeiten zwischen den ausgebrannten Werbefahrzeugen und der Geb\u00e4udeverwaltung gibt. <\/p><\/blockquote>\n","protected":false},"excerpt":{"rendered":"<p>In Essen brannten gestern drei Werbefahrzeuge der AfD. Aktuell gehen die Ermittler von Brandstiftung aus, der Staatsschutz ermittelt, nichts genaues wei\u00df man nicht. Es wurde&#8230;<\/p>\n<div class=\"more-link-wrapper\"><a class=\"more-link\" href=\"https:\/\/www.kraftfuttermischwerk.de\/blogg\/neben-abgebrannten-afd-fahrzeugen-wurde-eine-cannabisplantage-entdeckt\/\">Mehr lesen -&gt;<span class=\"screen-reader-text\">Neben abgebrannten AfD-Fahrzeugen wurde eine Cannabisplantage entdeckt<\/span><\/a><\/div>\n","protected":false},"author":1,"featured_media":147729,"comment_status":"open","ping_status":"open","sticky":false,"template":"","format":"standard","meta":{"jetpack_post_was_ever_published":false,"_jetpack_newsletter_access":"","_jetpack_dont_email_post_to_subs":false,"_jetpack_newsletter_tier_id":0,"_jetpack_memberships_contains_paywalled_content":false,"_jetpack_memberships_contains_paid_content":false,"footnotes":""},"categories":[1],"tags":[1783,1438,1439,7483],"class_list":["post-147728","post","type-post","status-publish","format-standard","has-post-thumbnail","hentry","category-nur-mal-so","tag-afd","tag-cannabis","tag-prohibition","tag-wahl-2019","entry"],"jetpack_featured_media_url":"https:\/\/www.kraftfuttermischwerk.de\/blogg\/wp-content\/uploads2\/2019\/04\/Bildschirmfoto-2019-04-19-um-08.02.44.png","jetpack_shortlink":"https:\/\/wp.me\/pXEnA-CqI","jetpack-related-posts":[],"jetpack_sharing_enabled":true,"_links":{"self":[{"href":"https:\/\/www.kraftfuttermischwerk.de\/blogg\/wp-json\/wp\/v2\/posts\/147728","targetHints":{"allow":["GET"]}}],"collection":[{"href":"https:\/\/www.kraftfuttermischwerk.de\/blogg\/wp-json\/wp\/v2\/posts"}],"about":[{"href":"https:\/\/www.kraftfuttermischwerk.de\/blogg\/wp-json\/wp\/v2\/types\/post"}],"author":[{"embeddable":true,"href":"https:\/\/www.kraftfuttermischwerk.de\/blogg\/wp-json\/wp\/v2\/users\/1"}],"replies":[{"embeddable":true,"href":"https:\/\/www.kraftfuttermischwerk.de\/blogg\/wp-json\/wp\/v2\/comments?post=147728"}],"version-history":[{"count":2,"href":"https:\/\/www.kraftfuttermischwerk.de\/blogg\/wp-json\/wp\/v2\/posts\/147728\/revisions"}],"predecessor-version":[{"id":147731,"href":"https:\/\/www.kraftfuttermischwerk.de\/blogg\/wp-json\/wp\/v2\/posts\/147728\/revisions\/147731"}],"wp:featuredmedia":[{"embeddable":true,"href":"https:\/\/www.kraftfuttermischwerk.de\/blogg\/wp-json\/wp\/v2\/media\/147729"}],"wp:attachment":[{"href":"https:\/\/www.kraftfuttermischwerk.de\/blogg\/wp-json\/wp\/v2\/media?parent=147728"}],"wp:term":[{"taxonomy":"category","embeddable":true,"href":"https:\/\/www.kraftfuttermischwerk.de\/blogg\/wp-json\/wp\/v2\/categories?post=147728"},{"taxonomy":"post_tag","embeddable":true,"href":"https:\/\/www.kraftfuttermischwerk.de\/blogg\/wp-json\/wp\/v2\/tags?post=147728"}],"curies":[{"name":"wp","href":"https:\/\/api.w.org\/{rel}","templated":true}]}}