{"id":147850,"date":"2019-04-23T17:10:10","date_gmt":"2019-04-23T15:10:10","guid":{"rendered":"https:\/\/www.kraftfuttermischwerk.de\/blogg\/?p=147850"},"modified":"2019-04-23T17:13:47","modified_gmt":"2019-04-23T15:13:47","slug":"hamburg-fuehrt-kennzeichnungspflicht-fuer-demo-polizisten-ein","status":"publish","type":"post","link":"https:\/\/www.kraftfuttermischwerk.de\/blogg\/hamburg-fuehrt-kennzeichnungspflicht-fuer-demo-polizisten-ein\/","title":{"rendered":"Hamburg f\u00fchrt Kennzeichnungspflicht f\u00fcr Demo-Polizisten ein"},"content":{"rendered":"<figure id=\"attachment_147851\" aria-describedby=\"caption-attachment-147851\" style=\"width: 1280px\" class=\"wp-caption alignnone\"><img loading=\"lazy\" decoding=\"async\" src=\"https:\/\/www.kraftfuttermischwerk.de\/blogg\/wp-content\/uploads2\/2019\/04\/human-2460204_1280.jpg\" alt=\"\" width=\"1280\" height=\"853\" class=\"size-full wp-image-147851\" srcset=\"https:\/\/www.kraftfuttermischwerk.de\/blogg\/wp-content\/uploads2\/2019\/04\/human-2460204_1280.jpg 1280w, https:\/\/www.kraftfuttermischwerk.de\/blogg\/wp-content\/uploads2\/2019\/04\/human-2460204_1280-300x200.jpg 300w, https:\/\/www.kraftfuttermischwerk.de\/blogg\/wp-content\/uploads2\/2019\/04\/human-2460204_1280-768x512.jpg 768w, https:\/\/www.kraftfuttermischwerk.de\/blogg\/wp-content\/uploads2\/2019\/04\/human-2460204_1280-600x400.jpg 600w\" sizes=\"auto, (max-width: 1280px) 100vw, 1280px\" \/><figcaption id=\"caption-attachment-147851\" class=\"wp-caption-text\"><small>(Foto: <a href=\"https:\/\/pixabay.com\/de\/photos\/menschen-personen-polizei-camera-2460204\/\">fsHH<\/a>)<\/small><\/figcaption><\/figure>\n<p>Auch als Reaktion auf G20 hat der Hamburger Senat vergangene Woche einen Verordnungsentwurf auf den Weg gebracht, der zuk\u00fcnftig <a href=\"http:\/\/www.taz.de\/Kennzeichnungspflicht-fuer-Polizisten\/!5589225\/\">Kennzeichnungspflicht f\u00fcr Hamburger Polizisten regeln soll<\/a>. Bremen und Schleswig-Holstein haben diese schon, Hamburg will nun nachziehen. Ich w\u00e4re daf\u00fcr, dass sich diese auf Bundesebene einf\u00fchren lassen w\u00fcrde und kann kaum Argumente dagegen finden. Aber so wird es wohl erstmal nicht kommen. <\/p>\n<blockquote><p>Die vom Senat jetzt beschlossene Regelung sieht vor, dass auf den Polizeiuniformen sowohl auf der Vorder- wie auf der R\u00fcckseite eine sechsstellige Ziffernfolge und die Kennung \u201eHH\u201c aufgebracht wird. Der Identifizierungscode soll allerdings, so hei\u00dft es in einer Erl\u00e4uterung zu der Verordnung, \u201enur bei \u00f6ffentlichen Eins\u00e4tzen aus Anlass von Versammlungen, \u00f6ffentlichen Veranstaltungen oder Ansammlungen\u201c getragen werden.<\/p><\/blockquote>\n","protected":false},"excerpt":{"rendered":"<p>Auch als Reaktion auf G20 hat der Hamburger Senat vergangene Woche einen Verordnungsentwurf auf den Weg gebracht, der zuk\u00fcnftig Kennzeichnungspflicht f\u00fcr Hamburger Polizisten regeln soll.&#8230;<\/p>\n<div class=\"more-link-wrapper\"><a class=\"more-link\" href=\"https:\/\/www.kraftfuttermischwerk.de\/blogg\/hamburg-fuehrt-kennzeichnungspflicht-fuer-demo-polizisten-ein\/\">Mehr lesen -&gt;<span class=\"screen-reader-text\">Hamburg f\u00fchrt Kennzeichnungspflicht f\u00fcr Demo-Polizisten ein<\/span><\/a><\/div>\n","protected":false},"author":1,"featured_media":0,"comment_status":"open","ping_status":"open","sticky":false,"template":"","format":"standard","meta":{"jetpack_post_was_ever_published":false,"_jetpack_newsletter_access":"","_jetpack_dont_email_post_to_subs":false,"_jetpack_newsletter_tier_id":0,"_jetpack_memberships_contains_paywalled_content":false,"_jetpack_memberships_contains_paid_content":false,"footnotes":""},"categories":[1],"tags":[922,378,1082,894],"class_list":["post-147850","post","type-post","status-publish","format-standard","hentry","category-nur-mal-so","tag-hamburg","tag-police","tag-police-violence","tag-protest","entry"],"jetpack_featured_media_url":"","jetpack_shortlink":"https:\/\/wp.me\/pXEnA-CsG","jetpack-related-posts":[],"jetpack_sharing_enabled":true,"_links":{"self":[{"href":"https:\/\/www.kraftfuttermischwerk.de\/blogg\/wp-json\/wp\/v2\/posts\/147850","targetHints":{"allow":["GET"]}}],"collection":[{"href":"https:\/\/www.kraftfuttermischwerk.de\/blogg\/wp-json\/wp\/v2\/posts"}],"about":[{"href":"https:\/\/www.kraftfuttermischwerk.de\/blogg\/wp-json\/wp\/v2\/types\/post"}],"author":[{"embeddable":true,"href":"https:\/\/www.kraftfuttermischwerk.de\/blogg\/wp-json\/wp\/v2\/users\/1"}],"replies":[{"embeddable":true,"href":"https:\/\/www.kraftfuttermischwerk.de\/blogg\/wp-json\/wp\/v2\/comments?post=147850"}],"version-history":[{"count":4,"href":"https:\/\/www.kraftfuttermischwerk.de\/blogg\/wp-json\/wp\/v2\/posts\/147850\/revisions"}],"predecessor-version":[{"id":147854,"href":"https:\/\/www.kraftfuttermischwerk.de\/blogg\/wp-json\/wp\/v2\/posts\/147850\/revisions\/147854"}],"wp:attachment":[{"href":"https:\/\/www.kraftfuttermischwerk.de\/blogg\/wp-json\/wp\/v2\/media?parent=147850"}],"wp:term":[{"taxonomy":"category","embeddable":true,"href":"https:\/\/www.kraftfuttermischwerk.de\/blogg\/wp-json\/wp\/v2\/categories?post=147850"},{"taxonomy":"post_tag","embeddable":true,"href":"https:\/\/www.kraftfuttermischwerk.de\/blogg\/wp-json\/wp\/v2\/tags?post=147850"}],"curies":[{"name":"wp","href":"https:\/\/api.w.org\/{rel}","templated":true}]}}