{"id":148157,"date":"2019-05-02T08:09:56","date_gmt":"2019-05-02T06:09:56","guid":{"rendered":"https:\/\/www.kraftfuttermischwerk.de\/blogg\/?p=148157"},"modified":"2019-05-02T08:09:56","modified_gmt":"2019-05-02T06:09:56","slug":"mix-das-kraftfuttermischwerk-at-offene-luft-2019","status":"publish","type":"post","link":"https:\/\/www.kraftfuttermischwerk.de\/blogg\/mix-das-kraftfuttermischwerk-at-offene-luft-2019\/","title":{"rendered":"Mix: Das Kraftfuttermischwerk at Offene Luft 2019"},"content":{"rendered":"<img loading=\"lazy\" decoding=\"async\" src=\"https:\/\/www.kraftfuttermischwerk.de\/blogg\/wp-content\/uploads2\/2019\/05\/FB_IMG_1556777163911.jpg\" alt=\"\" width=\"1080\" height=\"810\" class=\"alignnone size-full wp-image-148166\" srcset=\"https:\/\/www.kraftfuttermischwerk.de\/blogg\/wp-content\/uploads2\/2019\/05\/FB_IMG_1556777163911.jpg 1080w, https:\/\/www.kraftfuttermischwerk.de\/blogg\/wp-content\/uploads2\/2019\/05\/FB_IMG_1556777163911-300x225.jpg 300w, https:\/\/www.kraftfuttermischwerk.de\/blogg\/wp-content\/uploads2\/2019\/05\/FB_IMG_1556777163911-768x576.jpg 768w, https:\/\/www.kraftfuttermischwerk.de\/blogg\/wp-content\/uploads2\/2019\/05\/FB_IMG_1556777163911-600x450.jpg 600w\" sizes=\"auto, (max-width: 1080px) 100vw, 1080px\" \/>\n<p>Rudi hatte gestern wie auch schon in den letzten Jahren am 1.Mai zu einem Treffen von Freunden und Bekannten in der Brandenburger Pampa geladen. Dort wurde dann gepicknickt, geschnackt und etwas Musik geh\u00f6rt. Das Wetter war exzellent, die Musik war es auch. So haben wir einen wundersch\u00f6nen Mainachmittag gehabt und nebenbei dazu passenden Techno gespielt. W\u00e4re der ein Wein, w\u00fcrde man ihn wohl &#8222;lieblich&#8220; nennen. Sch\u00f6n war&#8217;s. <\/p>\n<p><iframe loading=\"lazy\" width=\"100%\" height=\"166\" scrolling=\"no\" frameborder=\"no\" allow=\"autoplay\" src=\"https:\/\/w.soundcloud.com\/player\/?url=https%3A\/\/api.soundcloud.com\/tracks\/614326560%3Fsecret_token%3Ds-n7mba&#038;color=%23ff5500&#038;auto_play=false&#038;hide_related=false&#038;show_comments=true&#038;show_user=true&#038;show_reposts=false&#038;show_teaser=true\"><\/iframe><br \/>\n<small>(<a href=\"https:\/\/soundcloud.com\/das-kraftfuttermischwerk\/mix-das-kraftfuttermischwerk-at-offene-luft-2019\/\">Direktlink<\/a>)<\/small><\/p>\n","protected":false},"excerpt":{"rendered":"<p>Rudi hatte gestern wie auch schon in den letzten Jahren am 1.Mai zu einem Treffen von Freunden und Bekannten in der Brandenburger Pampa geladen. Dort&#8230;<\/p>\n<div class=\"more-link-wrapper\"><a class=\"more-link\" href=\"https:\/\/www.kraftfuttermischwerk.de\/blogg\/mix-das-kraftfuttermischwerk-at-offene-luft-2019\/\">Mehr lesen -&gt;<span class=\"screen-reader-text\">Mix: Das Kraftfuttermischwerk at Offene Luft 2019<\/span><\/a><\/div>\n","protected":false},"author":1,"featured_media":148166,"comment_status":"open","ping_status":"open","sticky":false,"template":"","format":"standard","meta":{"jetpack_post_was_ever_published":false,"_jetpack_newsletter_access":"","_jetpack_dont_email_post_to_subs":false,"_jetpack_newsletter_tier_id":0,"_jetpack_memberships_contains_paywalled_content":false,"_jetpack_memberships_contains_paid_content":false,"footnotes":""},"categories":[9,5],"tags":[382,1645,7527],"class_list":["post-148157","post","type-post","status-publish","format-standard","has-post-thumbnail","hentry","category-kfmwstuff","category-musik","tag-dj-mix","tag-kfmw","tag-melodic-techno","entry"],"jetpack_featured_media_url":"https:\/\/www.kraftfuttermischwerk.de\/blogg\/wp-content\/uploads2\/2019\/05\/FB_IMG_1556777163911.jpg","jetpack_shortlink":"https:\/\/wp.me\/pXEnA-CxD","jetpack-related-posts":[],"jetpack_sharing_enabled":true,"_links":{"self":[{"href":"https:\/\/www.kraftfuttermischwerk.de\/blogg\/wp-json\/wp\/v2\/posts\/148157","targetHints":{"allow":["GET"]}}],"collection":[{"href":"https:\/\/www.kraftfuttermischwerk.de\/blogg\/wp-json\/wp\/v2\/posts"}],"about":[{"href":"https:\/\/www.kraftfuttermischwerk.de\/blogg\/wp-json\/wp\/v2\/types\/post"}],"author":[{"embeddable":true,"href":"https:\/\/www.kraftfuttermischwerk.de\/blogg\/wp-json\/wp\/v2\/users\/1"}],"replies":[{"embeddable":true,"href":"https:\/\/www.kraftfuttermischwerk.de\/blogg\/wp-json\/wp\/v2\/comments?post=148157"}],"version-history":[{"count":4,"href":"https:\/\/www.kraftfuttermischwerk.de\/blogg\/wp-json\/wp\/v2\/posts\/148157\/revisions"}],"predecessor-version":[{"id":148169,"href":"https:\/\/www.kraftfuttermischwerk.de\/blogg\/wp-json\/wp\/v2\/posts\/148157\/revisions\/148169"}],"wp:featuredmedia":[{"embeddable":true,"href":"https:\/\/www.kraftfuttermischwerk.de\/blogg\/wp-json\/wp\/v2\/media\/148166"}],"wp:attachment":[{"href":"https:\/\/www.kraftfuttermischwerk.de\/blogg\/wp-json\/wp\/v2\/media?parent=148157"}],"wp:term":[{"taxonomy":"category","embeddable":true,"href":"https:\/\/www.kraftfuttermischwerk.de\/blogg\/wp-json\/wp\/v2\/categories?post=148157"},{"taxonomy":"post_tag","embeddable":true,"href":"https:\/\/www.kraftfuttermischwerk.de\/blogg\/wp-json\/wp\/v2\/tags?post=148157"}],"curies":[{"name":"wp","href":"https:\/\/api.w.org\/{rel}","templated":true}]}}