{"id":148439,"date":"2019-05-10T09:05:35","date_gmt":"2019-05-10T07:05:35","guid":{"rendered":"https:\/\/www.kraftfuttermischwerk.de\/blogg\/?p=148439"},"modified":"2019-05-10T09:05:35","modified_gmt":"2019-05-10T07:05:35","slug":"teaser-trailer-es-kapitel-2","status":"publish","type":"post","link":"https:\/\/www.kraftfuttermischwerk.de\/blogg\/teaser-trailer-es-kapitel-2\/","title":{"rendered":"Teaser Trailer: Es &#8211; Kapitel 2"},"content":{"rendered":"<img loading=\"lazy\" decoding=\"async\" src=\"https:\/\/www.kraftfuttermischwerk.de\/blogg\/wp-content\/uploads2\/2019\/05\/ezgif-1-90634ed30656.jpg\" alt=\"\" width=\"1000\" height=\"1414\" class=\"alignnone size-full wp-image-148440\" srcset=\"https:\/\/www.kraftfuttermischwerk.de\/blogg\/wp-content\/uploads2\/2019\/05\/ezgif-1-90634ed30656.jpg 1000w, https:\/\/www.kraftfuttermischwerk.de\/blogg\/wp-content\/uploads2\/2019\/05\/ezgif-1-90634ed30656-212x300.jpg 212w, https:\/\/www.kraftfuttermischwerk.de\/blogg\/wp-content\/uploads2\/2019\/05\/ezgif-1-90634ed30656-768x1086.jpg 768w, https:\/\/www.kraftfuttermischwerk.de\/blogg\/wp-content\/uploads2\/2019\/05\/ezgif-1-90634ed30656-600x848.jpg 600w\" sizes=\"auto, (max-width: 1000px) 100vw, 1000px\" \/>\n<p>W\u00fcrde den lieber heute Abend ansehen, dann wirkt er sicher noch besser. Aber entscheiden m\u00fcsst ihr das selber. Ab 05. September im Kino.<\/p>\n<blockquote><p>Das B\u00f6se taucht erneut in Derry auf: Regisseur Andy Muschietti kehrt mit \u201eES KAPITEL 2\u201c dahin zur\u00fcck, wo alles begann, und bringt den Klub der Verlierer \u2013 als Kinder und Erwachsene \u2013 wieder zusammen.<\/p><\/blockquote>\n<p><span class=\"embed-youtube\" style=\"text-align:center; display: block;\"><iframe loading=\"lazy\" class=\"youtube-player\" width=\"640\" height=\"360\" src=\"https:\/\/www.youtube.com\/embed\/Ik8n4XQH3e4?version=3&#038;rel=1&#038;showsearch=0&#038;showinfo=1&#038;iv_load_policy=1&#038;fs=1&#038;hl=de-DE&#038;autohide=2&#038;wmode=transparent\" allowfullscreen=\"true\" style=\"border:0;\" sandbox=\"allow-scripts allow-same-origin allow-popups allow-presentation allow-popups-to-escape-sandbox\"><\/iframe><\/span><br \/>\n<small>(<a href=\"https:\/\/youtu.be\/Ik8n4XQH3e4\">Direktlink<\/a>)<\/small><\/p>\n","protected":false},"excerpt":{"rendered":"<p>W\u00fcrde den lieber heute Abend ansehen, dann wirkt er sicher noch besser. Aber entscheiden m\u00fcsst ihr das selber. Ab 05. September im Kino. Das B\u00f6se&#8230;<\/p>\n<div class=\"more-link-wrapper\"><a class=\"more-link\" href=\"https:\/\/www.kraftfuttermischwerk.de\/blogg\/teaser-trailer-es-kapitel-2\/\">Mehr lesen -&gt;<span class=\"screen-reader-text\">Teaser Trailer: Es &#8211; Kapitel 2<\/span><\/a><\/div>\n","protected":false},"author":1,"featured_media":148441,"comment_status":"open","ping_status":"open","sticky":false,"template":"","format":"standard","meta":{"jetpack_post_was_ever_published":false,"_jetpack_newsletter_access":"","_jetpack_dont_email_post_to_subs":false,"_jetpack_newsletter_tier_id":0,"_jetpack_memberships_contains_paywalled_content":false,"_jetpack_memberships_contains_paid_content":false,"footnotes":""},"categories":[1],"tags":[7538,2851,1901],"class_list":["post-148439","post","type-post","status-publish","format-standard","has-post-thumbnail","hentry","category-nur-mal-so","tag-es","tag-horror","tag-movie-trailer","entry"],"jetpack_featured_media_url":"https:\/\/www.kraftfuttermischwerk.de\/blogg\/wp-content\/uploads2\/2019\/05\/It-Chapter-2-Hate-Crime-Domestic-Abuse-Novel.jpg","jetpack_shortlink":"https:\/\/wp.me\/pXEnA-CCb","jetpack-related-posts":[],"jetpack_sharing_enabled":true,"_links":{"self":[{"href":"https:\/\/www.kraftfuttermischwerk.de\/blogg\/wp-json\/wp\/v2\/posts\/148439","targetHints":{"allow":["GET"]}}],"collection":[{"href":"https:\/\/www.kraftfuttermischwerk.de\/blogg\/wp-json\/wp\/v2\/posts"}],"about":[{"href":"https:\/\/www.kraftfuttermischwerk.de\/blogg\/wp-json\/wp\/v2\/types\/post"}],"author":[{"embeddable":true,"href":"https:\/\/www.kraftfuttermischwerk.de\/blogg\/wp-json\/wp\/v2\/users\/1"}],"replies":[{"embeddable":true,"href":"https:\/\/www.kraftfuttermischwerk.de\/blogg\/wp-json\/wp\/v2\/comments?post=148439"}],"version-history":[{"count":2,"href":"https:\/\/www.kraftfuttermischwerk.de\/blogg\/wp-json\/wp\/v2\/posts\/148439\/revisions"}],"predecessor-version":[{"id":148443,"href":"https:\/\/www.kraftfuttermischwerk.de\/blogg\/wp-json\/wp\/v2\/posts\/148439\/revisions\/148443"}],"wp:featuredmedia":[{"embeddable":true,"href":"https:\/\/www.kraftfuttermischwerk.de\/blogg\/wp-json\/wp\/v2\/media\/148441"}],"wp:attachment":[{"href":"https:\/\/www.kraftfuttermischwerk.de\/blogg\/wp-json\/wp\/v2\/media?parent=148439"}],"wp:term":[{"taxonomy":"category","embeddable":true,"href":"https:\/\/www.kraftfuttermischwerk.de\/blogg\/wp-json\/wp\/v2\/categories?post=148439"},{"taxonomy":"post_tag","embeddable":true,"href":"https:\/\/www.kraftfuttermischwerk.de\/blogg\/wp-json\/wp\/v2\/tags?post=148439"}],"curies":[{"name":"wp","href":"https:\/\/api.w.org\/{rel}","templated":true}]}}