{"id":148900,"date":"2019-05-22T20:45:51","date_gmt":"2019-05-22T18:45:51","guid":{"rendered":"https:\/\/www.kraftfuttermischwerk.de\/blogg\/?p=148900"},"modified":"2019-05-22T20:50:01","modified_gmt":"2019-05-22T18:50:01","slug":"boehmermann-loest-countdown-auf-europa-song-dotheyknowitseurope","status":"publish","type":"post","link":"https:\/\/www.kraftfuttermischwerk.de\/blogg\/boehmermann-loest-countdown-auf-europa-song-dotheyknowitseurope\/","title":{"rendered":"B\u00f6hmermann l\u00f6st Countdown auf:  Europa Song #DoTheyKnowItsEurope"},"content":{"rendered":"<p>Hinter der von B\u00f6hmermann mit Countdown <a href=\"https:\/\/www.kraftfuttermischwerk.de\/blogg\/boehmermann-teilt-website-mit-countdown\/\">angek\u00fcndigten<\/a> Domain <a href=\"http:\/\/dotheyknowitseurope.eu\/\">dotheyknowitseurope.eu<\/a>, die gerade hoffnungslos \u00fcberlastet ist, steckt <a href=\"https:\/\/www.zdf.de\/comedy\/neo-magazin-mit-jan-boehmermann\/europa-song-deutschland-ist-klein-europa-ist-gross-100.html\">eine Kampagne des Neo Magazin Royale<\/a> in der Jan B\u00f6hmermann mit europ\u00e4ischen Freunden einen Song \u00fcber Landesgrenzen hinaus zum Besten gibt. Nicht mehr, nicht weniger. <\/p>\n<p><span class=\"embed-youtube\" style=\"text-align:center; display: block;\"><iframe loading=\"lazy\" class=\"youtube-player\" width=\"640\" height=\"360\" src=\"https:\/\/www.youtube.com\/embed\/jgbO9KmGPCA?version=3&#038;rel=1&#038;showsearch=0&#038;showinfo=1&#038;iv_load_policy=1&#038;fs=1&#038;hl=de-DE&#038;autohide=2&#038;wmode=transparent\" allowfullscreen=\"true\" style=\"border:0;\" sandbox=\"allow-scripts allow-same-origin allow-popups allow-presentation allow-popups-to-escape-sandbox\"><\/iframe><\/span><br \/>\n<small>(<a href=\"https:\/\/youtu.be\/jgbO9KmGPCA\">Direktlink<\/a>)<\/small><\/p>\n","protected":false},"excerpt":{"rendered":"<p>Hinter der von B\u00f6hmermann mit Countdown angek\u00fcndigten Domain dotheyknowitseurope.eu, die gerade hoffnungslos \u00fcberlastet ist, steckt eine Kampagne des Neo Magazin Royale in der Jan B\u00f6hmermann&#8230;<\/p>\n<div class=\"more-link-wrapper\"><a class=\"more-link\" href=\"https:\/\/www.kraftfuttermischwerk.de\/blogg\/boehmermann-loest-countdown-auf-europa-song-dotheyknowitseurope\/\">Mehr lesen -&gt;<span class=\"screen-reader-text\">B\u00f6hmermann l\u00f6st Countdown auf:  Europa Song #DoTheyKnowItsEurope<\/span><\/a><\/div>\n","protected":false},"author":1,"featured_media":148902,"comment_status":"open","ping_status":"open","sticky":false,"template":"","format":"standard","meta":{"jetpack_post_was_ever_published":false,"_jetpack_newsletter_access":"","_jetpack_dont_email_post_to_subs":false,"_jetpack_newsletter_tier_id":0,"_jetpack_memberships_contains_paywalled_content":false,"_jetpack_memberships_contains_paid_content":false,"footnotes":""},"categories":[1],"tags":[3370,897],"class_list":["post-148900","post","type-post","status-publish","format-standard","has-post-thumbnail","hentry","category-nur-mal-so","tag-boehmermann","tag-europe","entry"],"jetpack_featured_media_url":"https:\/\/www.kraftfuttermischwerk.de\/blogg\/wp-content\/uploads2\/2019\/05\/Bildschirmfoto-2019-05-22-um-20.41.58-1.jpg","jetpack_shortlink":"https:\/\/wp.me\/pXEnA-CJC","jetpack-related-posts":[],"jetpack_sharing_enabled":true,"_links":{"self":[{"href":"https:\/\/www.kraftfuttermischwerk.de\/blogg\/wp-json\/wp\/v2\/posts\/148900","targetHints":{"allow":["GET"]}}],"collection":[{"href":"https:\/\/www.kraftfuttermischwerk.de\/blogg\/wp-json\/wp\/v2\/posts"}],"about":[{"href":"https:\/\/www.kraftfuttermischwerk.de\/blogg\/wp-json\/wp\/v2\/types\/post"}],"author":[{"embeddable":true,"href":"https:\/\/www.kraftfuttermischwerk.de\/blogg\/wp-json\/wp\/v2\/users\/1"}],"replies":[{"embeddable":true,"href":"https:\/\/www.kraftfuttermischwerk.de\/blogg\/wp-json\/wp\/v2\/comments?post=148900"}],"version-history":[{"count":4,"href":"https:\/\/www.kraftfuttermischwerk.de\/blogg\/wp-json\/wp\/v2\/posts\/148900\/revisions"}],"predecessor-version":[{"id":148906,"href":"https:\/\/www.kraftfuttermischwerk.de\/blogg\/wp-json\/wp\/v2\/posts\/148900\/revisions\/148906"}],"wp:featuredmedia":[{"embeddable":true,"href":"https:\/\/www.kraftfuttermischwerk.de\/blogg\/wp-json\/wp\/v2\/media\/148902"}],"wp:attachment":[{"href":"https:\/\/www.kraftfuttermischwerk.de\/blogg\/wp-json\/wp\/v2\/media?parent=148900"}],"wp:term":[{"taxonomy":"category","embeddable":true,"href":"https:\/\/www.kraftfuttermischwerk.de\/blogg\/wp-json\/wp\/v2\/categories?post=148900"},{"taxonomy":"post_tag","embeddable":true,"href":"https:\/\/www.kraftfuttermischwerk.de\/blogg\/wp-json\/wp\/v2\/tags?post=148900"}],"curies":[{"name":"wp","href":"https:\/\/api.w.org\/{rel}","templated":true}]}}