{"id":149140,"date":"2019-05-29T13:40:50","date_gmt":"2019-05-29T11:40:50","guid":{"rendered":"https:\/\/www.kraftfuttermischwerk.de\/blogg\/?p=149140"},"modified":"2019-05-29T13:40:50","modified_gmt":"2019-05-29T11:40:50","slug":"emden-bekommt-otto-waalkes-ampeln","status":"publish","type":"post","link":"https:\/\/www.kraftfuttermischwerk.de\/blogg\/emden-bekommt-otto-waalkes-ampeln\/","title":{"rendered":"Emden bekommt Otto-Waalkes-Ampeln"},"content":{"rendered":"<p>In Emden, Heimatstadt des Komikers Ottos, hat der Rat der Stadt entschieden, dass an vier Fu\u00dfg\u00e4ngerampeln das gr\u00fcne Ampelm\u00e4nnchen gegen eines getauscht wird, das Otto in seiner wohl bekannten <a href=\"https:\/\/www.spiegel.de\/panorama\/ostfriesland-emden-bekommt-otto-waalkes-ampelmaennchen-a-1269826.html\">H\u00fcpfpose zeigen wird<\/a>. Holadihiti. <\/p>\n<blockquote><p>Urspr\u00fcnglich waren in der ostfriesischen Stadt auch Ottos ber\u00fchmte R\u00fcsseltiere, die Ottifanten, als Ampelmotiv im Gespr\u00e4ch gewesen. Die bundesweit geltende Stra\u00dfenverkehrsordnung sieht allerdings vor, dass Fu\u00dfg\u00e4ngerampeln bei Rotlicht ein stehendes M\u00e4nnchen zeigen und bei Gr\u00fcnlicht ein schreitendes. Emdens Stadtverwaltung hatte deshalb Bedenken gegen den Ottifanten ge\u00e4u\u00dfert.<\/p><\/blockquote>\n<blockquote class=\"twitter-tweet\" data-width=\"500\" data-dnt=\"true\">\n<p lang=\"de\" dir=\"ltr\">&quot;Ist es eine Ampel?&quot; &#8211; &quot;Jaaaaaa!&quot;: <a href=\"https:\/\/twitter.com\/hashtag\/Emden?src=hash&amp;ref_src=twsrc%5Etfw\">#Emden<\/a> will <a href=\"https:\/\/twitter.com\/hashtag\/Otto?src=hash&amp;ref_src=twsrc%5Etfw\">#Otto<\/a>-Ampeln. <a href=\"https:\/\/t.co\/fVek1hqGeA\">pic.twitter.com\/fVek1hqGeA<\/a><\/p>\n<p>&mdash; BNN (@BNN_BaNeuNa) <a href=\"https:\/\/twitter.com\/BNN_BaNeuNa\/status\/1120762231623487491?ref_src=twsrc%5Etfw\">April 23, 2019<\/a><\/p><\/blockquote>\n<p><script async src=\"https:\/\/platform.twitter.com\/widgets.js\" charset=\"utf-8\"><\/script><\/p>\n","protected":false},"excerpt":{"rendered":"<p>In Emden, Heimatstadt des Komikers Ottos, hat der Rat der Stadt entschieden, dass an vier Fu\u00dfg\u00e4ngerampeln das gr\u00fcne Ampelm\u00e4nnchen gegen eines getauscht wird, das Otto&#8230;<\/p>\n<div class=\"more-link-wrapper\"><a class=\"more-link\" href=\"https:\/\/www.kraftfuttermischwerk.de\/blogg\/emden-bekommt-otto-waalkes-ampeln\/\">Mehr lesen -&gt;<span class=\"screen-reader-text\">Emden bekommt Otto-Waalkes-Ampeln<\/span><\/a><\/div>\n","protected":false},"author":1,"featured_media":149141,"comment_status":"open","ping_status":"open","sticky":false,"template":"","format":"standard","meta":{"jetpack_post_was_ever_published":false,"_jetpack_newsletter_access":"","_jetpack_dont_email_post_to_subs":false,"_jetpack_newsletter_tier_id":0,"_jetpack_memberships_contains_paywalled_content":false,"_jetpack_memberships_contains_paid_content":false,"footnotes":""},"categories":[1],"tags":[7594,7593],"class_list":["post-149140","post","type-post","status-publish","format-standard","has-post-thumbnail","hentry","category-nur-mal-so","tag-emden","tag-otto-waalkes","entry"],"jetpack_featured_media_url":"https:\/\/www.kraftfuttermischwerk.de\/blogg\/wp-content\/uploads2\/2019\/05\/Bildschirmfoto-2019-05-29-um-13.38.40.jpg","jetpack_shortlink":"https:\/\/wp.me\/pXEnA-CNu","jetpack-related-posts":[],"jetpack_sharing_enabled":true,"_links":{"self":[{"href":"https:\/\/www.kraftfuttermischwerk.de\/blogg\/wp-json\/wp\/v2\/posts\/149140","targetHints":{"allow":["GET"]}}],"collection":[{"href":"https:\/\/www.kraftfuttermischwerk.de\/blogg\/wp-json\/wp\/v2\/posts"}],"about":[{"href":"https:\/\/www.kraftfuttermischwerk.de\/blogg\/wp-json\/wp\/v2\/types\/post"}],"author":[{"embeddable":true,"href":"https:\/\/www.kraftfuttermischwerk.de\/blogg\/wp-json\/wp\/v2\/users\/1"}],"replies":[{"embeddable":true,"href":"https:\/\/www.kraftfuttermischwerk.de\/blogg\/wp-json\/wp\/v2\/comments?post=149140"}],"version-history":[{"count":3,"href":"https:\/\/www.kraftfuttermischwerk.de\/blogg\/wp-json\/wp\/v2\/posts\/149140\/revisions"}],"predecessor-version":[{"id":149144,"href":"https:\/\/www.kraftfuttermischwerk.de\/blogg\/wp-json\/wp\/v2\/posts\/149140\/revisions\/149144"}],"wp:featuredmedia":[{"embeddable":true,"href":"https:\/\/www.kraftfuttermischwerk.de\/blogg\/wp-json\/wp\/v2\/media\/149141"}],"wp:attachment":[{"href":"https:\/\/www.kraftfuttermischwerk.de\/blogg\/wp-json\/wp\/v2\/media?parent=149140"}],"wp:term":[{"taxonomy":"category","embeddable":true,"href":"https:\/\/www.kraftfuttermischwerk.de\/blogg\/wp-json\/wp\/v2\/categories?post=149140"},{"taxonomy":"post_tag","embeddable":true,"href":"https:\/\/www.kraftfuttermischwerk.de\/blogg\/wp-json\/wp\/v2\/tags?post=149140"}],"curies":[{"name":"wp","href":"https:\/\/api.w.org\/{rel}","templated":true}]}}