{"id":149149,"date":"2019-05-29T21:45:31","date_gmt":"2019-05-29T19:45:31","guid":{"rendered":"https:\/\/www.kraftfuttermischwerk.de\/blogg\/?p=149149"},"modified":"2019-05-29T23:14:08","modified_gmt":"2019-05-29T21:14:08","slug":"joko-und-klaas-bekommen-15-minuten-sendezeit-und-lassen-gute-menschen-zu-wort-kommen","status":"publish","type":"post","link":"https:\/\/www.kraftfuttermischwerk.de\/blogg\/joko-und-klaas-bekommen-15-minuten-sendezeit-und-lassen-gute-menschen-zu-wort-kommen\/","title":{"rendered":"Joko und Klaas bekommen 15 Minuten Sendezeit auf Pro7 &#8211; und \u00fcberlassen diese guten Menschen"},"content":{"rendered":"<p>Ich stecke im aktuellen Fernsehprogramm nicht so drin, ich gucke einfach zu selten, mag aber trotzdem versuchen das zu erkl\u00e4ren: gestern Abend gab es eine Show auf Pro7. &#8222;Joko &#038; Klaas gegen ProSieben&#8220;, hie\u00df die. Es ging in dieser darum, dass die beiden vermeintlichen &#8222;Spa\u00dfv\u00f6gel&#8220; gegen ganz Pro7 antreten sollten und wohl auch wollten. Soweit ich das heute nachvollziehen kann, gab es in dieser Sendung jede Menge erwartbaren Quatsch. Am Ende ging es um einen Wetteinsatz. Der war von Seiten Pro7s den beiden 15 Minuten Sendezeit einzur\u00e4umen, ohne zu wissen, was dort kommen w\u00fcrde. Joko und Klaas warfen in die Wettschale, sich beim Verlieren ein Pro7-Tattoo stechen lassen zu wollen, was schon wirklich harter Tobak ist, wie ich finde. <\/p>\n<p>Jedenfalls haben die Beiden ihre gestrige Show gewonnen und alle haben heute 15 Minuten &#8222;total lustigen Quatsch&#8220; und so erwartet. Lag aber nicht in ihrem Sinne. Sie gaben lieber drei Menschen mit jeder Menge Haltung ein Podium, das die Drei wesentlich \u00f6fter, wenn gar nicht immer verdient h\u00e4tten: Pia Klemp, einst Kapit\u00e4nin des Seenot-Rettungsschiffes \u201eIUVENTA&#8220;, Dieter Puhl, ehemaliger Leiter der Bahnhofsmission am Berliner Zoo und Birgit Lohmeyer, die nicht nur Schriftstellerin ist, sondern auch seit 2004 im ostdeutschen Jamel lebt und dort gemeinsam mit ihrem Mann, trotz aller Umst\u00e4nde, seit 2007 j\u00e4hrlich das Festival <em>Jamel rockt den F\u00f6rster<\/em> f\u00fcr Demokratie und Toleranz organisiert, das mittlerweile jede Menge Ber\u00fchmtheiten auf die B\u00fchne holte, wof\u00fcr ihnen aber auch schon mal eine Scheune abgefackelt wurde. Die T\u00e4ter konnten nicht ermittelt werden.<\/p>\n<p>Jedenfalls hatten Joko und Klaas heute 15 Minuten Zeit, den Zuschauern von Pro7 random irgendeinen Quatsch um die Ohren hauen zu k\u00f6nnen &#8211; und sie entschieden daf\u00fcr, drei Aktivisten die B\u00fchne zu \u00fcberlassen, um sie auf der ohne jegliches Chichi dar\u00fcber sprechen zu lassen, was sie antreibt. Sie h\u00e4tten es besser nicht machen k\u00f6nnen. <\/p>\n<p>Ich habe das nur am Rande mitbekommen, weil fernsehen nicht so mein Ding ist und ich gerade am Kochen war, aber der Rest der Familie sa\u00df  vor der Glotze- und es herrschte Totenstille, was hier sonst nie der Fall ist. Ich drehte die Temperaturen am Herd auf eins und gesellte mich dazu.  Jeglich erdenklichen Respekt f\u00fcr das, was Joko und Klaas da vorhin auf Pro7 durchgezogen haben. Danke. <\/p>\n<p><span class=\"embed-youtube\" style=\"text-align:center; display: block;\"><iframe loading=\"lazy\" class=\"youtube-player\" width=\"640\" height=\"360\" src=\"https:\/\/www.youtube.com\/embed\/S76hI3tjb4Y?version=3&#038;rel=1&#038;showsearch=0&#038;showinfo=1&#038;iv_load_policy=1&#038;fs=1&#038;hl=de-DE&#038;autohide=2&#038;wmode=transparent\" allowfullscreen=\"true\" style=\"border:0;\" sandbox=\"allow-scripts allow-same-origin allow-popups allow-presentation allow-popups-to-escape-sandbox\"><\/iframe><\/span><br \/>\n<small>(<a href=\"https:\/\/youtu.be\/S76hI3tjb4Y\">Direktlink<\/a>)<\/small><\/p>\n","protected":false},"excerpt":{"rendered":"<p>Ich stecke im aktuellen Fernsehprogramm nicht so drin, ich gucke einfach zu selten, mag aber trotzdem versuchen das zu erkl\u00e4ren: gestern Abend gab es eine&#8230;<\/p>\n<div class=\"more-link-wrapper\"><a class=\"more-link\" href=\"https:\/\/www.kraftfuttermischwerk.de\/blogg\/joko-und-klaas-bekommen-15-minuten-sendezeit-und-lassen-gute-menschen-zu-wort-kommen\/\">Mehr lesen -&gt;<span class=\"screen-reader-text\">Joko und Klaas bekommen 15 Minuten Sendezeit auf Pro7 &#8211; und \u00fcberlassen diese guten Menschen<\/span><\/a><\/div>\n","protected":false},"author":1,"featured_media":149150,"comment_status":"open","ping_status":"open","sticky":false,"template":"","format":"standard","meta":{"jetpack_post_was_ever_published":false,"_jetpack_newsletter_access":"","_jetpack_dont_email_post_to_subs":false,"_jetpack_newsletter_tier_id":0,"_jetpack_memberships_contains_paywalled_content":false,"_jetpack_memberships_contains_paid_content":false,"footnotes":""},"categories":[6],"tags":[1529,7595,4526,1764],"class_list":["post-149149","post","type-post","status-publish","format-standard","has-post-thumbnail","hentry","category-alltaglicher-sinnwahn","tag-homeless-people","tag-iuventa","tag-jamel","tag-tv","entry"],"jetpack_featured_media_url":"https:\/\/www.kraftfuttermischwerk.de\/blogg\/wp-content\/uploads2\/2019\/05\/Bildschirmfoto-2019-05-29-um-21.42.08.png","jetpack_shortlink":"https:\/\/wp.me\/pXEnA-CND","jetpack-related-posts":[],"jetpack_sharing_enabled":true,"_links":{"self":[{"href":"https:\/\/www.kraftfuttermischwerk.de\/blogg\/wp-json\/wp\/v2\/posts\/149149","targetHints":{"allow":["GET"]}}],"collection":[{"href":"https:\/\/www.kraftfuttermischwerk.de\/blogg\/wp-json\/wp\/v2\/posts"}],"about":[{"href":"https:\/\/www.kraftfuttermischwerk.de\/blogg\/wp-json\/wp\/v2\/types\/post"}],"author":[{"embeddable":true,"href":"https:\/\/www.kraftfuttermischwerk.de\/blogg\/wp-json\/wp\/v2\/users\/1"}],"replies":[{"embeddable":true,"href":"https:\/\/www.kraftfuttermischwerk.de\/blogg\/wp-json\/wp\/v2\/comments?post=149149"}],"version-history":[{"count":9,"href":"https:\/\/www.kraftfuttermischwerk.de\/blogg\/wp-json\/wp\/v2\/posts\/149149\/revisions"}],"predecessor-version":[{"id":149160,"href":"https:\/\/www.kraftfuttermischwerk.de\/blogg\/wp-json\/wp\/v2\/posts\/149149\/revisions\/149160"}],"wp:featuredmedia":[{"embeddable":true,"href":"https:\/\/www.kraftfuttermischwerk.de\/blogg\/wp-json\/wp\/v2\/media\/149150"}],"wp:attachment":[{"href":"https:\/\/www.kraftfuttermischwerk.de\/blogg\/wp-json\/wp\/v2\/media?parent=149149"}],"wp:term":[{"taxonomy":"category","embeddable":true,"href":"https:\/\/www.kraftfuttermischwerk.de\/blogg\/wp-json\/wp\/v2\/categories?post=149149"},{"taxonomy":"post_tag","embeddable":true,"href":"https:\/\/www.kraftfuttermischwerk.de\/blogg\/wp-json\/wp\/v2\/tags?post=149149"}],"curies":[{"name":"wp","href":"https:\/\/api.w.org\/{rel}","templated":true}]}}