{"id":149294,"date":"2019-06-04T21:07:10","date_gmt":"2019-06-04T19:07:10","guid":{"rendered":"https:\/\/www.kraftfuttermischwerk.de\/blogg\/?p=149294"},"modified":"2019-06-04T21:07:10","modified_gmt":"2019-06-04T19:07:10","slug":"junge-klimaaktivisten-kapern-den-bundestag","status":"publish","type":"post","link":"https:\/\/www.kraftfuttermischwerk.de\/blogg\/junge-klimaaktivisten-kapern-den-bundestag\/","title":{"rendered":"Junge Klimaaktivisten kapern den Bundestag"},"content":{"rendered":"<p>https:\/\/twitter.com\/FranziWessel\/status\/1135877109698748416<\/p>\n<p>Fridays for Future jetzt schon am Dienstag &#8211; und das im Bundestag. Soll mal keiner mehr sagen, die Jugend sei &#8222;heute per se unpolitisch&#8220;. Die Alten werden sich noch w\u00fcnschen, sie w\u00e4re genau das. Aktuell heult &#8211; nat\u00fcrlich &#8211; die Junge Union auf Twitter besonders laut ob der Aktion.  Alles richtig gemacht. <\/p>\n<div class=\"fb-video\" data-href=\"https:\/\/www.facebook.com\/spiegelonline\/videos\/367836400745524\/\" data-width=\"640\" data-show-text=\"false\">\n<blockquote cite=\"https:\/\/developers.facebook.com\/spiegelonline\/videos\/367836400745524\/\" class=\"fb-xfbml-parse-ignore\"><p><a href=\"https:\/\/developers.facebook.com\/spiegelonline\/videos\/367836400745524\/\">Aktion im Bundestag: Klima-Aktivisten stellen sich tot<\/a><\/p>\n<p>Die jungen Klima-Aktivisten stellen sich tot. Bundestagspr\u00e4sident Sch\u00e4uble lie\u00df sich davon jedoch nicht aus der Ruhe bringen.<\/p>\n<p>Gepostet von <a href=\"https:\/\/www.facebook.com\/spiegelonline\/\">SPIEGEL ONLINE<\/a> am Dienstag, 4. Juni 2019<\/p><\/blockquote>\n<\/div>\n","protected":false},"excerpt":{"rendered":"<p>https:\/\/twitter.com\/FranziWessel\/status\/1135877109698748416 Fridays for Future jetzt schon am Dienstag &#8211; und das im Bundestag. Soll mal keiner mehr sagen, die Jugend sei &#8222;heute per se unpolitisch&#8220;.&#8230;<\/p>\n<div class=\"more-link-wrapper\"><a class=\"more-link\" href=\"https:\/\/www.kraftfuttermischwerk.de\/blogg\/junge-klimaaktivisten-kapern-den-bundestag\/\">Mehr lesen -&gt;<span class=\"screen-reader-text\">Junge Klimaaktivisten kapern den Bundestag<\/span><\/a><\/div>\n","protected":false},"author":1,"featured_media":149295,"comment_status":"open","ping_status":"open","sticky":false,"template":"","format":"standard","meta":{"jetpack_post_was_ever_published":false,"_jetpack_newsletter_access":"","_jetpack_dont_email_post_to_subs":false,"_jetpack_newsletter_tier_id":0,"_jetpack_memberships_contains_paywalled_content":false,"_jetpack_memberships_contains_paid_content":false,"footnotes":""},"categories":[6],"tags":[7469,7604,894],"class_list":["post-149294","post","type-post","status-publish","format-standard","has-post-thumbnail","hentry","category-alltaglicher-sinnwahn","tag-fridaysforfuture","tag-klima","tag-protest","entry"],"jetpack_featured_media_url":"https:\/\/www.kraftfuttermischwerk.de\/blogg\/wp-content\/uploads2\/2019\/06\/Bildschirmfoto-2019-06-04-um-21.06.01.jpg","jetpack_shortlink":"https:\/\/wp.me\/pXEnA-CPY","jetpack-related-posts":[],"jetpack_sharing_enabled":true,"_links":{"self":[{"href":"https:\/\/www.kraftfuttermischwerk.de\/blogg\/wp-json\/wp\/v2\/posts\/149294","targetHints":{"allow":["GET"]}}],"collection":[{"href":"https:\/\/www.kraftfuttermischwerk.de\/blogg\/wp-json\/wp\/v2\/posts"}],"about":[{"href":"https:\/\/www.kraftfuttermischwerk.de\/blogg\/wp-json\/wp\/v2\/types\/post"}],"author":[{"embeddable":true,"href":"https:\/\/www.kraftfuttermischwerk.de\/blogg\/wp-json\/wp\/v2\/users\/1"}],"replies":[{"embeddable":true,"href":"https:\/\/www.kraftfuttermischwerk.de\/blogg\/wp-json\/wp\/v2\/comments?post=149294"}],"version-history":[{"count":3,"href":"https:\/\/www.kraftfuttermischwerk.de\/blogg\/wp-json\/wp\/v2\/posts\/149294\/revisions"}],"predecessor-version":[{"id":149298,"href":"https:\/\/www.kraftfuttermischwerk.de\/blogg\/wp-json\/wp\/v2\/posts\/149294\/revisions\/149298"}],"wp:featuredmedia":[{"embeddable":true,"href":"https:\/\/www.kraftfuttermischwerk.de\/blogg\/wp-json\/wp\/v2\/media\/149295"}],"wp:attachment":[{"href":"https:\/\/www.kraftfuttermischwerk.de\/blogg\/wp-json\/wp\/v2\/media?parent=149294"}],"wp:term":[{"taxonomy":"category","embeddable":true,"href":"https:\/\/www.kraftfuttermischwerk.de\/blogg\/wp-json\/wp\/v2\/categories?post=149294"},{"taxonomy":"post_tag","embeddable":true,"href":"https:\/\/www.kraftfuttermischwerk.de\/blogg\/wp-json\/wp\/v2\/tags?post=149294"}],"curies":[{"name":"wp","href":"https:\/\/api.w.org\/{rel}","templated":true}]}}