{"id":149299,"date":"2019-06-04T21:34:46","date_gmt":"2019-06-04T19:34:46","guid":{"rendered":"https:\/\/www.kraftfuttermischwerk.de\/blogg\/?p=149299"},"modified":"2019-06-04T21:34:46","modified_gmt":"2019-06-04T19:34:46","slug":"polizisten-in-wien-fixieren-einen-demonstranten-und-schieben-ihn-mit-seinem-kopf-unter-ein-polizeiauto-das-dann-losfaehrt","status":"publish","type":"post","link":"https:\/\/www.kraftfuttermischwerk.de\/blogg\/polizisten-in-wien-fixieren-einen-demonstranten-und-schieben-ihn-mit-seinem-kopf-unter-ein-polizeiauto-das-dann-losfaehrt\/","title":{"rendered":"Polizisten in Wien fixieren einen Demonstranten und schieben ihn mit seinem Kopf unter ein Polizeiauto, das dann losf\u00e4hrt"},"content":{"rendered":"<p>Wir k\u00f6nnen hier jetzt wieder ewig \u00fcber Videos diskutieren, denen angeblich der Kontext fehlt, wie in solchen F\u00e4llen ja immer gerne mal von bedingungslosen Bef\u00fcrwortern von Polizeigebaren  argumentiert wird. <\/p>\n<p>Wir k\u00f6nnen aber auch einfach mal gucken, wie zwei Beamte der Polizei in Wien den Kopf eines Demonstranten unter eines ihrer Autos schieben, das dann los f\u00e4hrt. <\/p>\n<blockquote class=\"twitter-tweet\" data-width=\"500\" data-dnt=\"true\">\n<p lang=\"de\" dir=\"ltr\"><a href=\"https:\/\/twitter.com\/hashtag\/Polizeigewalt?src=hash&amp;ref_src=twsrc%5Etfw\">#Polizeigewalt<\/a> war bei unserem antikapitalistischen Klima-Protest am Freitag kein Einzelfall. Auf diesem Video sieht man, wie \u2066<a href=\"https:\/\/twitter.com\/AnselmSchindler?ref_src=twsrc%5Etfw\">@AnselmSchindler<\/a>\u2069 brutal auf dem Boden fixiert wird und beinahe ein Polizeiwagen \u00fcber seinen Kopf rollt.<a href=\"https:\/\/twitter.com\/hashtag\/Wien?src=hash&amp;ref_src=twsrc%5Etfw\">#Wien<\/a> <a href=\"https:\/\/twitter.com\/hashtag\/autofrei?src=hash&amp;ref_src=twsrc%5Etfw\">#autofrei<\/a> <a href=\"https:\/\/twitter.com\/hashtag\/Klimacamp2019?src=hash&amp;ref_src=twsrc%5Etfw\">#Klimacamp2019<\/a> <a href=\"https:\/\/t.co\/jDiI646QH8\">pic.twitter.com\/jDiI646QH8<\/a><\/p>\n<p>&mdash; Ende Gel\u00e4ndeWagen (@RADikalAutofrei) <a href=\"https:\/\/twitter.com\/RADikalAutofrei\/status\/1135607168881766400?ref_src=twsrc%5Etfw\">June 3, 2019<\/a><\/p><\/blockquote>\n<p><script async src=\"https:\/\/platform.twitter.com\/widgets.js\" charset=\"utf-8\"><\/script><\/p>\n<p>Ist ja nicht so, dass die Wiener Polizei gerade nicht ohnehin schon mit v\u00f6llig unn\u00f6tig angewandter Gewalt von sich reden macht: <a href=\"https:\/\/www.nzz.ch\/international\/in-die-nieren-in-die-nieren-mutmassliche-polizeigewalt-bei-demo-in-oesterreich-ld.1486225\">&#8222;In die Nieren!&#8220;<\/a><\/p>\n<p>https:\/\/twitter.com\/Marcus_MoD\/status\/1134766405184884736<\/p>\n<p>Die Polizei in Wien h\u00e4lt die Vorw\u00fcrfe der Polizeigewalt im obigen Fall \u00fcbrigens f\u00fcr absurd. &#8222;In die Nieren!&#8220; scheint dort also zum allt\u00e4glichen Arbeitsauftrag zu geh\u00f6ren. Und Wien liegt nicht in Venezuela oder so. Wien liegt in \u00d6sterreich. Nur zur Erinnerung.  <\/p>\n<blockquote class=\"twitter-tweet\" data-lang=\"en\">\n<p lang=\"de\" dir=\"ltr\">Wir weisen die teils absurden Anschuldigungen aufs Sch\u00e4rfste zur\u00fcck: <a href=\"https:\/\/t.co\/NKlPVmzKsA\">https:\/\/t.co\/NKlPVmzKsA<\/a>. (2\/2)<\/p>\n<p>&mdash; POLIZEI WIEN (@LPDWien) <a href=\"https:\/\/twitter.com\/LPDWien\/status\/1135881367277977603?ref_src=twsrc%5Etfw\">June 4, 2019<\/a><\/p><\/blockquote>\n<p><script async src=\"https:\/\/platform.twitter.com\/widgets.js\" charset=\"utf-8\"><\/script><\/p>\n<p>Oliver von Dobrowolski, Kriminalhauptkommissar der Polizei Berlin, dazu: <\/p>\n<blockquote class=\"twitter-tweet\" data-width=\"500\" data-dnt=\"true\">\n<p lang=\"de\" dir=\"ltr\">Habe mir das Video einige Male angesehen und einige Stunden wirken lassen.<br \/>Zu erkennen sind Polizisten, die einen fixierten Mann mit dem Kopf vor dem Reifen eines Polizeibusses ablegen. Dann gibt der Fahrer Gas.<br \/>Mir f\u00e4llt kein Grund f\u00fcr ein \u201eVersehen\u201c ein.<br \/>Und das ist furchtbar\u2026 <a href=\"https:\/\/t.co\/7pAVDRXqx3\">https:\/\/t.co\/7pAVDRXqx3<\/a><\/p>\n<p>&mdash; Oliver von Dobrowolski (@vonDobrowolski) <a href=\"https:\/\/twitter.com\/vonDobrowolski\/status\/1135885959466225665?ref_src=twsrc%5Etfw\">June 4, 2019<\/a><\/p><\/blockquote>\n<p><script async src=\"https:\/\/platform.twitter.com\/widgets.js\" charset=\"utf-8\"><\/script><\/p>\n","protected":false},"excerpt":{"rendered":"<p>Wir k\u00f6nnen hier jetzt wieder ewig \u00fcber Videos diskutieren, denen angeblich der Kontext fehlt, wie in solchen F\u00e4llen ja immer gerne mal von bedingungslosen Bef\u00fcrwortern&#8230;<\/p>\n<div class=\"more-link-wrapper\"><a class=\"more-link\" href=\"https:\/\/www.kraftfuttermischwerk.de\/blogg\/polizisten-in-wien-fixieren-einen-demonstranten-und-schieben-ihn-mit-seinem-kopf-unter-ein-polizeiauto-das-dann-losfaehrt\/\">Mehr lesen -&gt;<span class=\"screen-reader-text\">Polizisten in Wien fixieren einen Demonstranten und schieben ihn mit seinem Kopf unter ein Polizeiauto, das dann losf\u00e4hrt<\/span><\/a><\/div>\n","protected":false},"author":1,"featured_media":149300,"comment_status":"open","ping_status":"open","sticky":false,"template":"","format":"standard","meta":{"jetpack_post_was_ever_published":false,"_jetpack_newsletter_access":"","_jetpack_dont_email_post_to_subs":false,"_jetpack_newsletter_tier_id":0,"_jetpack_memberships_contains_paywalled_content":false,"_jetpack_memberships_contains_paid_content":false,"footnotes":""},"categories":[6],"tags":[215,2071,2687],"class_list":["post-149299","post","type-post","status-publish","format-standard","has-post-thumbnail","hentry","category-alltaglicher-sinnwahn","tag-cops","tag-police-brutality","tag-vienna","entry"],"jetpack_featured_media_url":"https:\/\/www.kraftfuttermischwerk.de\/blogg\/wp-content\/uploads2\/2019\/06\/Bildschirmfoto-2019-06-04-um-21.17.11.jpg","jetpack_shortlink":"https:\/\/wp.me\/pXEnA-CQ3","jetpack-related-posts":[],"jetpack_sharing_enabled":true,"_links":{"self":[{"href":"https:\/\/www.kraftfuttermischwerk.de\/blogg\/wp-json\/wp\/v2\/posts\/149299","targetHints":{"allow":["GET"]}}],"collection":[{"href":"https:\/\/www.kraftfuttermischwerk.de\/blogg\/wp-json\/wp\/v2\/posts"}],"about":[{"href":"https:\/\/www.kraftfuttermischwerk.de\/blogg\/wp-json\/wp\/v2\/types\/post"}],"author":[{"embeddable":true,"href":"https:\/\/www.kraftfuttermischwerk.de\/blogg\/wp-json\/wp\/v2\/users\/1"}],"replies":[{"embeddable":true,"href":"https:\/\/www.kraftfuttermischwerk.de\/blogg\/wp-json\/wp\/v2\/comments?post=149299"}],"version-history":[{"count":3,"href":"https:\/\/www.kraftfuttermischwerk.de\/blogg\/wp-json\/wp\/v2\/posts\/149299\/revisions"}],"predecessor-version":[{"id":149303,"href":"https:\/\/www.kraftfuttermischwerk.de\/blogg\/wp-json\/wp\/v2\/posts\/149299\/revisions\/149303"}],"wp:featuredmedia":[{"embeddable":true,"href":"https:\/\/www.kraftfuttermischwerk.de\/blogg\/wp-json\/wp\/v2\/media\/149300"}],"wp:attachment":[{"href":"https:\/\/www.kraftfuttermischwerk.de\/blogg\/wp-json\/wp\/v2\/media?parent=149299"}],"wp:term":[{"taxonomy":"category","embeddable":true,"href":"https:\/\/www.kraftfuttermischwerk.de\/blogg\/wp-json\/wp\/v2\/categories?post=149299"},{"taxonomy":"post_tag","embeddable":true,"href":"https:\/\/www.kraftfuttermischwerk.de\/blogg\/wp-json\/wp\/v2\/tags?post=149299"}],"curies":[{"name":"wp","href":"https:\/\/api.w.org\/{rel}","templated":true}]}}