{"id":149901,"date":"2019-06-26T19:39:22","date_gmt":"2019-06-26T17:39:22","guid":{"rendered":"https:\/\/www.kraftfuttermischwerk.de\/blogg\/?p=149901"},"modified":"2019-06-26T22:52:01","modified_gmt":"2019-06-26T20:52:01","slug":"die-gestern-aufgestellte-mobile-polizeiwache-vorm-fusion-festival-hat-seit-einem-jahr-keinen-tuev-mehr","status":"publish","type":"post","link":"https:\/\/www.kraftfuttermischwerk.de\/blogg\/die-gestern-aufgestellte-mobile-polizeiwache-vorm-fusion-festival-hat-seit-einem-jahr-keinen-tuev-mehr\/","title":{"rendered":"Die gestern aufgestellte mobile Polizeiwache vorm Fusion Festival hat seit einem Jahr keinen T\u00dcV mehr"},"content":{"rendered":"<p>Kleine Anekdote: als wir vor ein paar Jahren mal mit unserem Bulli auf der Fusion waren, hatte der seit gut sechs Monaten schon keinen T\u00dcV mehr. Hinweg war okay und frei von Kontrollen, R\u00fcckweg etwas sp\u00e4rlich, weil wir ahnten, dass die Cops dort so viele Autos wie m\u00f6glich aus dem Verkehrsfluss holen w\u00fcrden. Wir entschieden uns dazu, nicht direkt auf die Autobahn zu fahren und \u00fcber die Kleckerd\u00f6rfer unkontrolliert davon zu kommen, was nat\u00fcrlich nicht klappte. Wir wurden zwei D\u00f6rfer sp\u00e4ter direkt aus dem Verkehr gezogen und schwitzten nicht zu knapp. Der \u00e4ltere Herr in Uniform fragte nach F\u00fchrerschein und Fahrzeugpapieren und unternahm einen Rundgang um unseren T\u00dcV freien Bulli. Am Heck am Kennzeichen  angekommen kniete er sich extra nieder, um die Stempel auf unserem Kennzeichen zu pr\u00fcfen. Wir, etwas unentspannt, dachten dann, dass es zumindest ein Bu\u00dfgeld geben w\u00fcrde. Aber es kam anders. Er lief rum, gab uns die Papiere zur\u00fcck uns w\u00fcnschte uns eine weiterhin gute Fahrt. Offenbar hatte er das einfach \u00fcbersehen.<\/p>\n<p>Jetzt stellt sich raus, das passiert denen auch selber mal. Die gestern aufgestellte Polizeiwache vorm Fusion Festival hat seit einem Jahr keinen T\u00dcV mehr. <\/p>\n<blockquote class=\"twitter-tweet\" data-lang=\"de\">\n<p lang=\"de\" dir=\"ltr\">Breaking News: M\u00e4ngel am Sicherheitskonzept der Polizeiwache vor <a href=\"https:\/\/twitter.com\/hashtag\/Fusionbleibt?src=hash&amp;ref_src=twsrc%5Etfw\">#Fusionbleibt<\/a>. Der T\u00dcV ist seit einem Jahr abgelaufen. So darf die Wache doch sicher garnicht in Betrieb genommen werden <a href=\"https:\/\/twitter.com\/Polizei_PP_NB?ref_src=twsrc%5Etfw\">@Polizei_PP_NB<\/a> ?<a href=\"https:\/\/twitter.com\/hashtag\/BASSLINER?src=hash&amp;ref_src=twsrc%5Etfw\">#BASSLINER<\/a> <a href=\"https:\/\/twitter.com\/hashtag\/FusionFestival?src=hash&amp;ref_src=twsrc%5Etfw\">#FusionFestival<\/a> <a href=\"https:\/\/twitter.com\/Nordkurier?ref_src=twsrc%5Etfw\">@Nordkurier<\/a> <a href=\"https:\/\/t.co\/Thaj5vK30J\">pic.twitter.com\/Thaj5vK30J<\/a><\/p>\n<p>&mdash; BASSLINER (@BASSLINERtweet) <a href=\"https:\/\/twitter.com\/BASSLINERtweet\/status\/1143540110971088896?ref_src=twsrc%5Etfw\">25. Juni 2019<\/a><\/p><\/blockquote>\n<p><script async src=\"https:\/\/platform.twitter.com\/widgets.js\" charset=\"utf-8\"><\/script><\/p>\n<p>Die Polizei Neubrandenburg pr\u00fcft den Vorfall.<\/p>\n<blockquote class=\"twitter-tweet\" data-lang=\"de\">\n<p lang=\"de\" dir=\"ltr\">Vielen Dank, wir haben den Hinweis aufgenommen und pr\u00fcfen diesen.<\/p>\n<p>&mdash; Polizeipr\u00e4sidium NB (@Polizei_PP_NB) <a href=\"https:\/\/twitter.com\/Polizei_PP_NB\/status\/1143536823886602241?ref_src=twsrc%5Etfw\">25. Juni 2019<\/a><\/p><\/blockquote>\n<p><script async src=\"https:\/\/platform.twitter.com\/widgets.js\" charset=\"utf-8\"><\/script><\/p>\n","protected":false},"excerpt":{"rendered":"<p>Kleine Anekdote: als wir vor ein paar Jahren mal mit unserem Bulli auf der Fusion waren, hatte der seit gut sechs Monaten schon keinen T\u00dcV&#8230;<\/p>\n<div class=\"more-link-wrapper\"><a class=\"more-link\" href=\"https:\/\/www.kraftfuttermischwerk.de\/blogg\/die-gestern-aufgestellte-mobile-polizeiwache-vorm-fusion-festival-hat-seit-einem-jahr-keinen-tuev-mehr\/\">Mehr lesen -&gt;<span class=\"screen-reader-text\">Die gestern aufgestellte mobile Polizeiwache vorm Fusion Festival hat seit einem Jahr keinen T\u00dcV mehr<\/span><\/a><\/div>\n","protected":false},"author":1,"featured_media":149902,"comment_status":"open","ping_status":"open","sticky":false,"template":"","format":"standard","meta":{"jetpack_post_was_ever_published":false,"_jetpack_newsletter_access":"","_jetpack_dont_email_post_to_subs":false,"_jetpack_newsletter_tier_id":0,"_jetpack_memberships_contains_paywalled_content":false,"_jetpack_memberships_contains_paid_content":false,"footnotes":""},"categories":[6],"tags":[215,2461,7632],"class_list":["post-149901","post","type-post","status-publish","format-standard","has-post-thumbnail","hentry","category-alltaglicher-sinnwahn","tag-cops","tag-fusion-festival","tag-tuev","entry"],"jetpack_featured_media_url":"https:\/\/www.kraftfuttermischwerk.de\/blogg\/wp-content\/uploads2\/2019\/06\/Bildschirmfoto-2019-06-26-um-19.36.52.jpg","jetpack_shortlink":"https:\/\/wp.me\/pXEnA-CZL","jetpack-related-posts":[],"jetpack_sharing_enabled":true,"_links":{"self":[{"href":"https:\/\/www.kraftfuttermischwerk.de\/blogg\/wp-json\/wp\/v2\/posts\/149901","targetHints":{"allow":["GET"]}}],"collection":[{"href":"https:\/\/www.kraftfuttermischwerk.de\/blogg\/wp-json\/wp\/v2\/posts"}],"about":[{"href":"https:\/\/www.kraftfuttermischwerk.de\/blogg\/wp-json\/wp\/v2\/types\/post"}],"author":[{"embeddable":true,"href":"https:\/\/www.kraftfuttermischwerk.de\/blogg\/wp-json\/wp\/v2\/users\/1"}],"replies":[{"embeddable":true,"href":"https:\/\/www.kraftfuttermischwerk.de\/blogg\/wp-json\/wp\/v2\/comments?post=149901"}],"version-history":[{"count":4,"href":"https:\/\/www.kraftfuttermischwerk.de\/blogg\/wp-json\/wp\/v2\/posts\/149901\/revisions"}],"predecessor-version":[{"id":149921,"href":"https:\/\/www.kraftfuttermischwerk.de\/blogg\/wp-json\/wp\/v2\/posts\/149901\/revisions\/149921"}],"wp:featuredmedia":[{"embeddable":true,"href":"https:\/\/www.kraftfuttermischwerk.de\/blogg\/wp-json\/wp\/v2\/media\/149902"}],"wp:attachment":[{"href":"https:\/\/www.kraftfuttermischwerk.de\/blogg\/wp-json\/wp\/v2\/media?parent=149901"}],"wp:term":[{"taxonomy":"category","embeddable":true,"href":"https:\/\/www.kraftfuttermischwerk.de\/blogg\/wp-json\/wp\/v2\/categories?post=149901"},{"taxonomy":"post_tag","embeddable":true,"href":"https:\/\/www.kraftfuttermischwerk.de\/blogg\/wp-json\/wp\/v2\/tags?post=149901"}],"curies":[{"name":"wp","href":"https:\/\/api.w.org\/{rel}","templated":true}]}}