{"id":150983,"date":"2019-08-04T14:39:48","date_gmt":"2019-08-04T12:39:48","guid":{"rendered":"https:\/\/www.kraftfuttermischwerk.de\/blogg\/?p=150983"},"modified":"2019-08-04T14:39:48","modified_gmt":"2019-08-04T12:39:48","slug":"doku-woodstock-drei-tage-die-eine-generation-praegten","status":"publish","type":"post","link":"https:\/\/www.kraftfuttermischwerk.de\/blogg\/doku-woodstock-drei-tage-die-eine-generation-praegten\/","title":{"rendered":"Doku: Woodstock \u2013 Drei Tage, die eine Generation pr\u00e4gten"},"content":{"rendered":"<img loading=\"lazy\" decoding=\"async\" src=\"https:\/\/www.kraftfuttermischwerk.de\/blogg\/wp-content\/uploads2\/2019\/08\/Bildschirmfoto-2019-08-04-um-13.40.25.jpg\" alt=\"\" width=\"2522\" height=\"1422\" class=\"alignnone size-full wp-image-150984\" srcset=\"https:\/\/www.kraftfuttermischwerk.de\/blogg\/wp-content\/uploads2\/2019\/08\/Bildschirmfoto-2019-08-04-um-13.40.25.jpg 2522w, https:\/\/www.kraftfuttermischwerk.de\/blogg\/wp-content\/uploads2\/2019\/08\/Bildschirmfoto-2019-08-04-um-13.40.25-300x169.jpg 300w, https:\/\/www.kraftfuttermischwerk.de\/blogg\/wp-content\/uploads2\/2019\/08\/Bildschirmfoto-2019-08-04-um-13.40.25-768x433.jpg 768w, https:\/\/www.kraftfuttermischwerk.de\/blogg\/wp-content\/uploads2\/2019\/08\/Bildschirmfoto-2019-08-04-um-13.40.25-600x338.jpg 600w\" sizes=\"auto, (max-width: 2522px) 100vw, 2522px\" \/>\n<p>Ein wirklich gro\u00dfartige Doku mit jeder Menge Archivaufnahmen \u00fcber das vielleicht verr\u00fcckteste Festival aller Zeiten, das in diesem Jahr vor genau 50 Jahren stattfand und zumindest meine Festivalkultur in vielen Belangen bis heute gepr\u00e4gt haben d\u00fcrfte. Und nicht nur das. Ich behaupte einfach mal, dass es das Leben vieler Menschen nachhaltig ver\u00e4ndert haben d\u00fcrfte. Mega gut.<\/p>\n<p>Zu sehen <a href=\"https:\/\/www.daserste.de\/information\/reportage-dokumentation\/dokus\/videos\/woodstock-video-100.html\">in der Mediathek des Ersten<\/a>. <\/p>\n<blockquote><p>Woodstock ist zur Legende einer ganzen Generation geworden, der H\u00f6hepunkt der Hippiebewegung. Bislang unver\u00f6ffentlichte Szenen von 1969 zeigen, wie ein Festival einer zerrissenen Gesellschaft zeigte, wie ein Miteinander m\u00f6glich ist.<\/p><\/blockquote>\n","protected":false},"excerpt":{"rendered":"<p>Ein wirklich gro\u00dfartige Doku mit jeder Menge Archivaufnahmen \u00fcber das vielleicht verr\u00fcckteste Festival aller Zeiten, das in diesem Jahr vor genau 50 Jahren stattfand und&#8230;<\/p>\n<div class=\"more-link-wrapper\"><a class=\"more-link\" href=\"https:\/\/www.kraftfuttermischwerk.de\/blogg\/doku-woodstock-drei-tage-die-eine-generation-praegten\/\">Mehr lesen -&gt;<span class=\"screen-reader-text\">Doku: Woodstock \u2013 Drei Tage, die eine Generation pr\u00e4gten<\/span><\/a><\/div>\n","protected":false},"author":1,"featured_media":150984,"comment_status":"open","ping_status":"open","sticky":false,"template":"","format":"standard","meta":{"jetpack_post_was_ever_published":false,"_jetpack_newsletter_access":"","_jetpack_dont_email_post_to_subs":false,"_jetpack_newsletter_tier_id":0,"_jetpack_memberships_contains_paywalled_content":false,"_jetpack_memberships_contains_paid_content":false,"footnotes":""},"categories":[5],"tags":[6825,221,2400,423],"class_list":["post-150983","post","type-post","status-publish","format-standard","has-post-thumbnail","hentry","category-musik","tag-1960s","tag-documentary","tag-festivals","tag-woodstock","entry"],"jetpack_featured_media_url":"https:\/\/www.kraftfuttermischwerk.de\/blogg\/wp-content\/uploads2\/2019\/08\/Bildschirmfoto-2019-08-04-um-13.40.25.jpg","jetpack_shortlink":"https:\/\/wp.me\/pXEnA-Dhd","jetpack-related-posts":[],"jetpack_sharing_enabled":true,"_links":{"self":[{"href":"https:\/\/www.kraftfuttermischwerk.de\/blogg\/wp-json\/wp\/v2\/posts\/150983","targetHints":{"allow":["GET"]}}],"collection":[{"href":"https:\/\/www.kraftfuttermischwerk.de\/blogg\/wp-json\/wp\/v2\/posts"}],"about":[{"href":"https:\/\/www.kraftfuttermischwerk.de\/blogg\/wp-json\/wp\/v2\/types\/post"}],"author":[{"embeddable":true,"href":"https:\/\/www.kraftfuttermischwerk.de\/blogg\/wp-json\/wp\/v2\/users\/1"}],"replies":[{"embeddable":true,"href":"https:\/\/www.kraftfuttermischwerk.de\/blogg\/wp-json\/wp\/v2\/comments?post=150983"}],"version-history":[{"count":2,"href":"https:\/\/www.kraftfuttermischwerk.de\/blogg\/wp-json\/wp\/v2\/posts\/150983\/revisions"}],"predecessor-version":[{"id":150986,"href":"https:\/\/www.kraftfuttermischwerk.de\/blogg\/wp-json\/wp\/v2\/posts\/150983\/revisions\/150986"}],"wp:featuredmedia":[{"embeddable":true,"href":"https:\/\/www.kraftfuttermischwerk.de\/blogg\/wp-json\/wp\/v2\/media\/150984"}],"wp:attachment":[{"href":"https:\/\/www.kraftfuttermischwerk.de\/blogg\/wp-json\/wp\/v2\/media?parent=150983"}],"wp:term":[{"taxonomy":"category","embeddable":true,"href":"https:\/\/www.kraftfuttermischwerk.de\/blogg\/wp-json\/wp\/v2\/categories?post=150983"},{"taxonomy":"post_tag","embeddable":true,"href":"https:\/\/www.kraftfuttermischwerk.de\/blogg\/wp-json\/wp\/v2\/tags?post=150983"}],"curies":[{"name":"wp","href":"https:\/\/api.w.org\/{rel}","templated":true}]}}