{"id":155037,"date":"2019-12-23T21:35:32","date_gmt":"2019-12-23T20:35:32","guid":{"rendered":"https:\/\/www.kraftfuttermischwerk.de\/blogg\/?p=155037"},"modified":"2019-12-24T00:17:29","modified_gmt":"2019-12-23T23:17:29","slug":"frueher-musste-man-noch-haeuser-besetzen-und-pyro-zuenden-und-so-um-richtig-linksradikal-zu-sein","status":"publish","type":"post","link":"https:\/\/www.kraftfuttermischwerk.de\/blogg\/frueher-musste-man-noch-haeuser-besetzen-und-pyro-zuenden-und-so-um-richtig-linksradikal-zu-sein\/","title":{"rendered":"Fr\u00fcher musste man noch H\u00e4user besetzen und Pyro z\u00fcnden und so, um richtig linksradikal zu sein"},"content":{"rendered":"<p>Scheint mir aktuell wirklich so zu sein. Und ich hatte auch mit fr\u00fcher kein Problem, finde heute allerdings wichtiger. <\/p>\n<blockquote class=\"twitter-tweet\" data-width=\"500\" data-dnt=\"true\">\n<p lang=\"de\" dir=\"ltr\">Fr\u00fcher musste man noch H\u00e4user besetzen und Pyro z\u00fcnden und so, um richtig linksradikal zu sein.<\/p>\n<p>Heute ist man schon sehr kurz vor Kommunismus, wenn man Fl\u00fcchtlingskinder nicht einfach erfrieren lassen will. <a href=\"https:\/\/twitter.com\/hashtag\/Habeck?src=hash&amp;ref_src=twsrc%5Etfw\">#Habeck<\/a><\/p>\n<p>&mdash; Die Antifa (@Antifa_GmbH) <a href=\"https:\/\/twitter.com\/Antifa_GmbH\/status\/1209085730900914176?ref_src=twsrc%5Etfw\">December 23, 2019<\/a><\/p><\/blockquote>\n<p><script async src=\"https:\/\/platform.twitter.com\/widgets.js\" charset=\"utf-8\"><\/script><\/p>\n","protected":false},"excerpt":{"rendered":"<p>Scheint mir aktuell wirklich so zu sein. Und ich hatte auch mit fr\u00fcher kein Problem, finde heute allerdings wichtiger. Fr\u00fcher musste man noch H\u00e4user besetzen&#8230;<\/p>\n<div class=\"more-link-wrapper\"><a class=\"more-link\" href=\"https:\/\/www.kraftfuttermischwerk.de\/blogg\/frueher-musste-man-noch-haeuser-besetzen-und-pyro-zuenden-und-so-um-richtig-linksradikal-zu-sein\/\">Mehr lesen -&gt;<span class=\"screen-reader-text\">Fr\u00fcher musste man noch H\u00e4user besetzen und Pyro z\u00fcnden und so, um richtig linksradikal zu sein<\/span><\/a><\/div>\n","protected":false},"author":1,"featured_media":155041,"comment_status":"open","ping_status":"open","sticky":false,"template":"","format":"standard","meta":{"jetpack_post_was_ever_published":false,"_jetpack_newsletter_access":"","_jetpack_dont_email_post_to_subs":false,"_jetpack_newsletter_tier_id":0,"_jetpack_memberships_contains_paywalled_content":false,"_jetpack_memberships_contains_paid_content":false,"footnotes":""},"categories":[6],"tags":[996,7883,896],"class_list":["post-155037","post","type-post","status-publish","format-standard","has-post-thumbnail","hentry","category-alltaglicher-sinnwahn","tag-antifa","tag-left-side","tag-refugees","entry"],"jetpack_featured_media_url":"https:\/\/www.kraftfuttermischwerk.de\/blogg\/wp-content\/uploads2\/2019\/12\/Bildschirmfoto-2019-12-23-um-21.36.48.png","jetpack_shortlink":"https:\/\/wp.me\/pXEnA-EkB","jetpack-related-posts":[],"jetpack_sharing_enabled":true,"_links":{"self":[{"href":"https:\/\/www.kraftfuttermischwerk.de\/blogg\/wp-json\/wp\/v2\/posts\/155037","targetHints":{"allow":["GET"]}}],"collection":[{"href":"https:\/\/www.kraftfuttermischwerk.de\/blogg\/wp-json\/wp\/v2\/posts"}],"about":[{"href":"https:\/\/www.kraftfuttermischwerk.de\/blogg\/wp-json\/wp\/v2\/types\/post"}],"author":[{"embeddable":true,"href":"https:\/\/www.kraftfuttermischwerk.de\/blogg\/wp-json\/wp\/v2\/users\/1"}],"replies":[{"embeddable":true,"href":"https:\/\/www.kraftfuttermischwerk.de\/blogg\/wp-json\/wp\/v2\/comments?post=155037"}],"version-history":[{"count":5,"href":"https:\/\/www.kraftfuttermischwerk.de\/blogg\/wp-json\/wp\/v2\/posts\/155037\/revisions"}],"predecessor-version":[{"id":155048,"href":"https:\/\/www.kraftfuttermischwerk.de\/blogg\/wp-json\/wp\/v2\/posts\/155037\/revisions\/155048"}],"wp:featuredmedia":[{"embeddable":true,"href":"https:\/\/www.kraftfuttermischwerk.de\/blogg\/wp-json\/wp\/v2\/media\/155041"}],"wp:attachment":[{"href":"https:\/\/www.kraftfuttermischwerk.de\/blogg\/wp-json\/wp\/v2\/media?parent=155037"}],"wp:term":[{"taxonomy":"category","embeddable":true,"href":"https:\/\/www.kraftfuttermischwerk.de\/blogg\/wp-json\/wp\/v2\/categories?post=155037"},{"taxonomy":"post_tag","embeddable":true,"href":"https:\/\/www.kraftfuttermischwerk.de\/blogg\/wp-json\/wp\/v2\/tags?post=155037"}],"curies":[{"name":"wp","href":"https:\/\/api.w.org\/{rel}","templated":true}]}}