{"id":156170,"date":"2020-01-27T23:43:46","date_gmt":"2020-01-27T22:43:46","guid":{"rendered":"https:\/\/www.kraftfuttermischwerk.de\/blogg\/?p=156170"},"modified":"2020-01-27T23:43:46","modified_gmt":"2020-01-27T22:43:46","slug":"afd-abgeordnete-kommt-zu-gedenkveranstaltung-an-die-opfer-des-nationalsozialismus-im-saechsischen-landtag-mit-einem-toten-fuchs-um-den-hals","status":"publish","type":"post","link":"https:\/\/www.kraftfuttermischwerk.de\/blogg\/afd-abgeordnete-kommt-zu-gedenkveranstaltung-an-die-opfer-des-nationalsozialismus-im-saechsischen-landtag-mit-einem-toten-fuchs-um-den-hals\/","title":{"rendered":"AfD-Abgeordnete kommt zu Gedenkveranstaltung an die Opfer des Nationalsozialismus im s\u00e4chsischen Landtag mit einem toten Fuchs um den Hals"},"content":{"rendered":"<p>Heute vor 75 Jahren hat die Rote Armee Auschwitz befreit, wenn man das so schreiben kann.  Mir fehlen bis heute die richtigen, die angemessenen Worte f\u00fcr das. Ich wei\u00df, dass es so etwas nie wieder geben darf &#8211; und wir alle daf\u00fcr verantwortlich sind, dass so etwas nie wieder geschieht. Auf immer, weil wir uns nicht damit herausreden k\u00f6nnen, damals nicht dabei gewesen zu sein. Unsere Opas und Omas waren das und haben es nicht verhindert, waren vielleicht sogar Teil des systematisch t\u00f6tenden Systems. Es wird f\u00fcr immer an uns liegen, das nicht wiederholbar zu machen. Und an unseren Kindern, denen wir genau das mitgeben sollten. M\u00fcssen, um genau zu sein. <\/p>\n<p>Gudrun Petzold, AfD-Landtagsabgeordnete in Sachsen, kommt zu einer Veranstaltung, die den Opfern des Nationalsozialismus gedenken will, <a href=\"https:\/\/www.ejz.de\/blick-in-die-welt\/politik\/holocaust-gedenken-in-sachsen-afd-abgeordnete-sorgt-mit-kleiderwahl-fuer-unmut_241_111837097-122-.html\">mal eben mit einem toten Fuchs um ihren Hals<\/a>. Finde ich nicht nur modisch ziemlich deplatziert &#8211; und denke kurz \u00fcber Nackenschellen nach. <\/p>\n<p>Wie kann man denn bitte so ein Arschloch sein? <\/p>\n<p>https:\/\/twitter.com\/heuteshow\/status\/1221801263030910977<\/p>\n","protected":false},"excerpt":{"rendered":"<p>Heute vor 75 Jahren hat die Rote Armee Auschwitz befreit, wenn man das so schreiben kann. Mir fehlen bis heute die richtigen, die angemessenen Worte&#8230;<\/p>\n<div class=\"more-link-wrapper\"><a class=\"more-link\" href=\"https:\/\/www.kraftfuttermischwerk.de\/blogg\/afd-abgeordnete-kommt-zu-gedenkveranstaltung-an-die-opfer-des-nationalsozialismus-im-saechsischen-landtag-mit-einem-toten-fuchs-um-den-hals\/\">Mehr lesen -&gt;<span class=\"screen-reader-text\">AfD-Abgeordnete kommt zu Gedenkveranstaltung an die Opfer des Nationalsozialismus im s\u00e4chsischen Landtag mit einem toten Fuchs um den Hals<\/span><\/a><\/div>\n","protected":false},"author":1,"featured_media":156171,"comment_status":"open","ping_status":"open","sticky":false,"template":"","format":"standard","meta":{"jetpack_post_was_ever_published":false,"_jetpack_newsletter_access":"","_jetpack_dont_email_post_to_subs":false,"_jetpack_newsletter_tier_id":0,"_jetpack_memberships_contains_paywalled_content":false,"_jetpack_memberships_contains_paid_content":false,"footnotes":""},"categories":[6],"tags":[3543,7175,3020,447],"class_list":["post-156170","post","type-post","status-publish","format-standard","has-post-thumbnail","hentry","category-alltaglicher-sinnwahn","tag-auschwitz","tag-fck-afd","tag-fck-nsz","tag-nazis","entry"],"jetpack_featured_media_url":"https:\/\/www.kraftfuttermischwerk.de\/blogg\/wp-content\/uploads2\/2020\/01\/Bildschirmfoto-2020-01-27-um-23.40.29.png","jetpack_shortlink":"https:\/\/wp.me\/pXEnA-ECS","jetpack-related-posts":[],"jetpack_sharing_enabled":true,"_links":{"self":[{"href":"https:\/\/www.kraftfuttermischwerk.de\/blogg\/wp-json\/wp\/v2\/posts\/156170","targetHints":{"allow":["GET"]}}],"collection":[{"href":"https:\/\/www.kraftfuttermischwerk.de\/blogg\/wp-json\/wp\/v2\/posts"}],"about":[{"href":"https:\/\/www.kraftfuttermischwerk.de\/blogg\/wp-json\/wp\/v2\/types\/post"}],"author":[{"embeddable":true,"href":"https:\/\/www.kraftfuttermischwerk.de\/blogg\/wp-json\/wp\/v2\/users\/1"}],"replies":[{"embeddable":true,"href":"https:\/\/www.kraftfuttermischwerk.de\/blogg\/wp-json\/wp\/v2\/comments?post=156170"}],"version-history":[{"count":3,"href":"https:\/\/www.kraftfuttermischwerk.de\/blogg\/wp-json\/wp\/v2\/posts\/156170\/revisions"}],"predecessor-version":[{"id":156174,"href":"https:\/\/www.kraftfuttermischwerk.de\/blogg\/wp-json\/wp\/v2\/posts\/156170\/revisions\/156174"}],"wp:featuredmedia":[{"embeddable":true,"href":"https:\/\/www.kraftfuttermischwerk.de\/blogg\/wp-json\/wp\/v2\/media\/156171"}],"wp:attachment":[{"href":"https:\/\/www.kraftfuttermischwerk.de\/blogg\/wp-json\/wp\/v2\/media?parent=156170"}],"wp:term":[{"taxonomy":"category","embeddable":true,"href":"https:\/\/www.kraftfuttermischwerk.de\/blogg\/wp-json\/wp\/v2\/categories?post=156170"},{"taxonomy":"post_tag","embeddable":true,"href":"https:\/\/www.kraftfuttermischwerk.de\/blogg\/wp-json\/wp\/v2\/tags?post=156170"}],"curies":[{"name":"wp","href":"https:\/\/api.w.org\/{rel}","templated":true}]}}