{"id":156210,"date":"2020-01-28T15:58:40","date_gmt":"2020-01-28T14:58:40","guid":{"rendered":"https:\/\/www.kraftfuttermischwerk.de\/blogg\/?p=156210"},"modified":"2020-01-28T15:58:40","modified_gmt":"2020-01-28T14:58:40","slug":"elsist-ein-elektroauto-in-der-ddr","status":"publish","type":"post","link":"https:\/\/www.kraftfuttermischwerk.de\/blogg\/elsist-ein-elektroauto-in-der-ddr\/","title":{"rendered":"\u201eElsist\u201c &#8211; ein Elektroauto in der DDR"},"content":{"rendered":"<p>Neben dem in der DDR damals entwickelten und in Budapest tats\u00e4chlich fahrenden <a href=\"https:\/\/www.kraftfuttermischwerk.de\/blogg\/elektro-barkas-b-1000\/\">Elektro-Barkas B1000<\/a> gab es offenbar weitere Bestrebungen, elektrisch angetriebene Mobilit\u00e4t auf die Stra\u00dfen der Republik zu bekommen. Eine dieser Bestrebungen war der mit Elektromotor fahrende \u201eElsist\u201c, an dem von 1974 bis 1978 in Finsterwalde eine Arbeitsgemeinschaft der \u201eStation Junge Techniker\u201c gemeinsam mit ihrem Lehrmeister t\u00fcftelte. Dieser blieb allerdings ein Prototyp. Der mdr hat dem &#8222;Elsist&#8220; im letzten Jahr einen kurzen Beitrag gewidmet. <\/p>\n<div class=\"fb-post\" data-href=\"https:\/\/www.facebook.com\/mdrumschau\/videos\/244179409800551\/\" data-width=\"640\" data-show-text=\"true\">\n<blockquote cite=\"https:\/\/developers.facebook.com\/mdrumschau\/videos\/244179409800551\/\" class=\"fb-xfbml-parse-ignore\">\n<p>Wie k\u00f6nnen wir unseren Verkehr gr\u00fcner gestalten? Bereits in den 1970er-Jahren machte man sich in der DDR \u00fcber Elektroautos Gedanken. Zum Beispiel mit dem Prototyp &quot;Elsist&quot;.<\/p>\n<p>Gepostet von <a href=\"https:\/\/www.facebook.com\/mdrumschau\/\">MDR Umschau<\/a> am&nbsp;<a href=\"https:\/\/developers.facebook.com\/mdrumschau\/videos\/244179409800551\/\">Samstag, 23. Februar 2019<\/a><\/p><\/blockquote>\n<\/div>\n","protected":false},"excerpt":{"rendered":"<p>Neben dem in der DDR damals entwickelten und in Budapest tats\u00e4chlich fahrenden Elektro-Barkas B1000 gab es offenbar weitere Bestrebungen, elektrisch angetriebene Mobilit\u00e4t auf die Stra\u00dfen&#8230;<\/p>\n<div class=\"more-link-wrapper\"><a class=\"more-link\" href=\"https:\/\/www.kraftfuttermischwerk.de\/blogg\/elsist-ein-elektroauto-in-der-ddr\/\">Mehr lesen -&gt;<span class=\"screen-reader-text\">\u201eElsist\u201c &#8211; ein Elektroauto in der DDR<\/span><\/a><\/div>\n","protected":false},"author":1,"featured_media":156211,"comment_status":"open","ping_status":"open","sticky":false,"template":"","format":"standard","meta":{"jetpack_post_was_ever_published":false,"_jetpack_newsletter_access":"","_jetpack_dont_email_post_to_subs":false,"_jetpack_newsletter_tier_id":0,"_jetpack_memberships_contains_paywalled_content":false,"_jetpack_memberships_contains_paid_content":false,"footnotes":""},"categories":[1],"tags":[468,7391,299],"class_list":["post-156210","post","type-post","status-publish","format-standard","has-post-thumbnail","hentry","category-nur-mal-so","tag-cars","tag-e-mobiles","tag-gdr","entry"],"jetpack_featured_media_url":"https:\/\/www.kraftfuttermischwerk.de\/blogg\/wp-content\/uploads2\/2020\/01\/Bildschirmfoto-2020-01-28-um-15.38.07.png","jetpack_shortlink":"https:\/\/wp.me\/pXEnA-EDw","jetpack-related-posts":[],"jetpack_sharing_enabled":true,"_links":{"self":[{"href":"https:\/\/www.kraftfuttermischwerk.de\/blogg\/wp-json\/wp\/v2\/posts\/156210","targetHints":{"allow":["GET"]}}],"collection":[{"href":"https:\/\/www.kraftfuttermischwerk.de\/blogg\/wp-json\/wp\/v2\/posts"}],"about":[{"href":"https:\/\/www.kraftfuttermischwerk.de\/blogg\/wp-json\/wp\/v2\/types\/post"}],"author":[{"embeddable":true,"href":"https:\/\/www.kraftfuttermischwerk.de\/blogg\/wp-json\/wp\/v2\/users\/1"}],"replies":[{"embeddable":true,"href":"https:\/\/www.kraftfuttermischwerk.de\/blogg\/wp-json\/wp\/v2\/comments?post=156210"}],"version-history":[{"count":2,"href":"https:\/\/www.kraftfuttermischwerk.de\/blogg\/wp-json\/wp\/v2\/posts\/156210\/revisions"}],"predecessor-version":[{"id":156213,"href":"https:\/\/www.kraftfuttermischwerk.de\/blogg\/wp-json\/wp\/v2\/posts\/156210\/revisions\/156213"}],"wp:featuredmedia":[{"embeddable":true,"href":"https:\/\/www.kraftfuttermischwerk.de\/blogg\/wp-json\/wp\/v2\/media\/156211"}],"wp:attachment":[{"href":"https:\/\/www.kraftfuttermischwerk.de\/blogg\/wp-json\/wp\/v2\/media?parent=156210"}],"wp:term":[{"taxonomy":"category","embeddable":true,"href":"https:\/\/www.kraftfuttermischwerk.de\/blogg\/wp-json\/wp\/v2\/categories?post=156210"},{"taxonomy":"post_tag","embeddable":true,"href":"https:\/\/www.kraftfuttermischwerk.de\/blogg\/wp-json\/wp\/v2\/tags?post=156210"}],"curies":[{"name":"wp","href":"https:\/\/api.w.org\/{rel}","templated":true}]}}