{"id":157015,"date":"2020-02-18T23:55:04","date_gmt":"2020-02-18T22:55:04","guid":{"rendered":"https:\/\/www.kraftfuttermischwerk.de\/blogg\/?p=157015"},"modified":"2020-02-18T23:56:30","modified_gmt":"2020-02-18T22:56:30","slug":"wenn-ein-radlader-deinen-suv-aus-dem-schnee-zieht-und-du-einfach-nicht-an-die-bremsen-denkst","status":"publish","type":"post","link":"https:\/\/www.kraftfuttermischwerk.de\/blogg\/wenn-ein-radlader-deinen-suv-aus-dem-schnee-zieht-und-du-einfach-nicht-an-die-bremsen-denkst\/","title":{"rendered":"Wenn ein Radlader deinen SUV aus dem Schnee zieht und du dabei einfach nicht an die Bremsen denkst"},"content":{"rendered":"<p>&#8230; und du das dann irgendwie plausibel deiner Versicherung erkl\u00e4ren willst, deren Mitarbeiter sich w\u00e4hrenddessen wahrscheinlich schon &#8211; und auch ein bisschen zu recht &#8211; auf Twitter oder so lustig machen k\u00f6nnten. L\u00f6lchen.<\/p>\n<p><span class=\"embed-youtube\" style=\"text-align:center; display: block;\"><iframe loading=\"lazy\" class=\"youtube-player\" width=\"640\" height=\"360\" src=\"https:\/\/www.youtube.com\/embed\/lUtER0Tho5I?version=3&#038;rel=1&#038;showsearch=0&#038;showinfo=1&#038;iv_load_policy=1&#038;fs=1&#038;hl=de-DE&#038;autohide=2&#038;wmode=transparent\" allowfullscreen=\"true\" style=\"border:0;\" sandbox=\"allow-scripts allow-same-origin allow-popups allow-presentation allow-popups-to-escape-sandbox\"><\/iframe><\/span><br \/>\n<small>(<a href=\"https:\/\/youtu.be\/lUtER0Tho5I\">Direktlink<\/a>)<\/small><\/p>\n","protected":false},"excerpt":{"rendered":"<p>&#8230; und du das dann irgendwie plausibel deiner Versicherung erkl\u00e4ren willst, deren Mitarbeiter sich w\u00e4hrenddessen wahrscheinlich schon &#8211; und auch ein bisschen zu recht &#8211;&#8230;<\/p>\n<div class=\"more-link-wrapper\"><a class=\"more-link\" href=\"https:\/\/www.kraftfuttermischwerk.de\/blogg\/wenn-ein-radlader-deinen-suv-aus-dem-schnee-zieht-und-du-einfach-nicht-an-die-bremsen-denkst\/\">Mehr lesen -&gt;<span class=\"screen-reader-text\">Wenn ein Radlader deinen SUV aus dem Schnee zieht und du dabei einfach nicht an die Bremsen denkst<\/span><\/a><\/div>\n","protected":false},"author":1,"featured_media":157016,"comment_status":"open","ping_status":"open","sticky":false,"template":"","format":"standard","meta":{"jetpack_post_was_ever_published":false,"_jetpack_newsletter_access":"","_jetpack_dont_email_post_to_subs":false,"_jetpack_newsletter_tier_id":0,"_jetpack_memberships_contains_paywalled_content":false,"_jetpack_memberships_contains_paid_content":false,"footnotes":""},"categories":[1],"tags":[7133,531,130,7947,668],"class_list":["post-157015","post","type-post","status-publish","format-standard","has-post-thumbnail","hentry","category-nur-mal-so","tag-bad-driving","tag-fail","tag-fun","tag-radlader","tag-snow","entry"],"jetpack_featured_media_url":"https:\/\/www.kraftfuttermischwerk.de\/blogg\/wp-content\/uploads2\/2020\/02\/Bildschirmfoto-2020-02-18-um-23.51.34.png","jetpack_shortlink":"https:\/\/wp.me\/pXEnA-EQv","jetpack-related-posts":[],"jetpack_sharing_enabled":true,"_links":{"self":[{"href":"https:\/\/www.kraftfuttermischwerk.de\/blogg\/wp-json\/wp\/v2\/posts\/157015","targetHints":{"allow":["GET"]}}],"collection":[{"href":"https:\/\/www.kraftfuttermischwerk.de\/blogg\/wp-json\/wp\/v2\/posts"}],"about":[{"href":"https:\/\/www.kraftfuttermischwerk.de\/blogg\/wp-json\/wp\/v2\/types\/post"}],"author":[{"embeddable":true,"href":"https:\/\/www.kraftfuttermischwerk.de\/blogg\/wp-json\/wp\/v2\/users\/1"}],"replies":[{"embeddable":true,"href":"https:\/\/www.kraftfuttermischwerk.de\/blogg\/wp-json\/wp\/v2\/comments?post=157015"}],"version-history":[{"count":3,"href":"https:\/\/www.kraftfuttermischwerk.de\/blogg\/wp-json\/wp\/v2\/posts\/157015\/revisions"}],"predecessor-version":[{"id":157019,"href":"https:\/\/www.kraftfuttermischwerk.de\/blogg\/wp-json\/wp\/v2\/posts\/157015\/revisions\/157019"}],"wp:featuredmedia":[{"embeddable":true,"href":"https:\/\/www.kraftfuttermischwerk.de\/blogg\/wp-json\/wp\/v2\/media\/157016"}],"wp:attachment":[{"href":"https:\/\/www.kraftfuttermischwerk.de\/blogg\/wp-json\/wp\/v2\/media?parent=157015"}],"wp:term":[{"taxonomy":"category","embeddable":true,"href":"https:\/\/www.kraftfuttermischwerk.de\/blogg\/wp-json\/wp\/v2\/categories?post=157015"},{"taxonomy":"post_tag","embeddable":true,"href":"https:\/\/www.kraftfuttermischwerk.de\/blogg\/wp-json\/wp\/v2\/tags?post=157015"}],"curies":[{"name":"wp","href":"https:\/\/api.w.org\/{rel}","templated":true}]}}