{"id":157034,"date":"2020-02-19T09:48:56","date_gmt":"2020-02-19T08:48:56","guid":{"rendered":"https:\/\/www.kraftfuttermischwerk.de\/blogg\/?p=157034"},"modified":"2020-02-19T09:48:56","modified_gmt":"2020-02-19T08:48:56","slug":"familie-von-afd-spender-sammelt-100-000-euro-gegen-die-afd","status":"publish","type":"post","link":"https:\/\/www.kraftfuttermischwerk.de\/blogg\/familie-von-afd-spender-sammelt-100-000-euro-gegen-die-afd\/","title":{"rendered":"Familie von AfD-Spender sammelt 100.000 Euro gegen die AfD"},"content":{"rendered":"<a href=\"https:\/\/www.leetchi.com\/c\/100k-gegen-afd?fbclid=IwAR3433Ab8GdB1pcpP7JalqoUAmpSRT7Rap6XnYDFrw0Yrcjwv1xd9ifo4Z8\"><img loading=\"lazy\" decoding=\"async\" src=\"https:\/\/www.kraftfuttermischwerk.de\/blogg\/wp-content\/uploads2\/2020\/02\/Bildschirmfoto-2020-02-19-um-09.46.05.jpg\" alt=\"\" width=\"2042\" height=\"1102\" class=\"alignnone size-full wp-image-157035\" srcset=\"https:\/\/www.kraftfuttermischwerk.de\/blogg\/wp-content\/uploads2\/2020\/02\/Bildschirmfoto-2020-02-19-um-09.46.05.jpg 2042w, https:\/\/www.kraftfuttermischwerk.de\/blogg\/wp-content\/uploads2\/2020\/02\/Bildschirmfoto-2020-02-19-um-09.46.05-300x162.jpg 300w, https:\/\/www.kraftfuttermischwerk.de\/blogg\/wp-content\/uploads2\/2020\/02\/Bildschirmfoto-2020-02-19-um-09.46.05-600x324.jpg 600w, https:\/\/www.kraftfuttermischwerk.de\/blogg\/wp-content\/uploads2\/2020\/02\/Bildschirmfoto-2020-02-19-um-09.46.05-768x414.jpg 768w, https:\/\/www.kraftfuttermischwerk.de\/blogg\/wp-content\/uploads2\/2020\/02\/Bildschirmfoto-2020-02-19-um-09.46.05-1536x829.jpg 1536w\" sizes=\"auto, (max-width: 2042px) 100vw, 2042px\" \/><\/a>\n<p>Der Unternehmensverwalter Christian Krawinkel hat dem Th\u00fcringer AfD-Landesverband von Bj\u00f6rn H\u00f6cke <a href=\"https:\/\/www.morgenpost.de\/berlin\/article228395779\/Berliner-Unternehmer-Krawinkel-spendet-Bjoern-Hoeckes-AfD-100-000-Euro.html\">letzte Woche 100.000 Euro gespendet<\/a>. Das ist die h\u00f6chste Spende an die AfD seit 2016 und bewusst eine Spende an den reaktion\u00e4rsten Landesverband der AfD. <\/p>\n<p>Die Familie von Christian Krawinkel, die zu dem Unternehmensverwalter keinen Kontakt hat, findet das eher unerfreulich und will nun auch 100.000 Euro spenden. Allerdings nicht an die AfD, sondern an einen Verein, der sich gegen die AfD stark macht: dem <a href=\"http:\/\/www.polylux.network\">Polylux e.V.<\/a> Weil sie selber keine 100K haben, bitten die Familie darum, das Geld zu sammeln. Und ich finde, da kann man ruhig mal <a href=\"https:\/\/www.leetchi.com\/c\/100k-gegen-afd?fbclid=IwAR3433Ab8GdB1pcpP7JalqoUAmpSRT7Rap6XnYDFrw0Yrcjwv1xd9ifo4Z8\">was ins Sammels\u00e4ckl tun<\/a>. <\/p>\n<blockquote><p>Die Mordserie des NSU, die Bedrohungen durch einen NSU 2.0, der Anschlag von Halle sind nur die Spitze eines Eisbergs aus Hass. Die AfD \u2013 und insbesondere der th\u00fcringische Landesverband \u2013 ist sein politisches Sprachrohr. Christian Krawinkel f\u00f6rdert diesen Hass mit 100.000 Euro. Dagegen sagen wir: In der Familie wie auch in der Politik d\u00fcrfen Nazis und ihre Unterst\u00fctzer*innen nicht das letzte Wort haben.<\/p>\n<p>Deshalb haben wir uns \u00fcberlegt, selbst Geld zu spenden. Wir sind keine Unternehmer, wir haben keine 100.000 Euro. Aber wir machen den Anfang. Gemeinsam, zusammen mit Euch und Ihnen, mit all denen, die kein Deutschland der AfD wollen, schaffen wir auch den Rest: 100.000 Euro an das Netzwerk Polylux, das im Osten Deutschlands Initiativen unterst\u00fctzt, die sich der AfD entgegenstellen, die Opfern rassistischer und neonazistischer Gewalt helfen und die vor Ort f\u00fcr eine offene Gesellschaft streiten!<\/p>\n<p>Moritz Krawinkel<\/p>\n<p>Barbara Krawinkel<\/p>\n<p>Niklas Krawinkel<\/p>\n<p>Andrea Krawinkel<\/p>\n<p>Michael Krawinkel<\/p>\n<p>Das Netzwerk Polylux e.V. ist ein Verein, der Initiativen und Projekte der kritischen Zivilgesellschaft in Ostdeutschland finanziell unterst\u00fctzt. Diejenigen, die sich in ostdeutschen Kommunen f\u00fcr die Zivilgesellschaft engagieren, sollen wissen, dass sie nicht allein sind. Wir zeigen ihnen, dass ein breites Netzwerk aus ganz Deutschland hinter ihnen steht.<\/p><\/blockquote>\n","protected":false},"excerpt":{"rendered":"<p>Der Unternehmensverwalter Christian Krawinkel hat dem Th\u00fcringer AfD-Landesverband von Bj\u00f6rn H\u00f6cke letzte Woche 100.000 Euro gespendet. Das ist die h\u00f6chste Spende an die AfD seit&#8230;<\/p>\n<div class=\"more-link-wrapper\"><a class=\"more-link\" href=\"https:\/\/www.kraftfuttermischwerk.de\/blogg\/familie-von-afd-spender-sammelt-100-000-euro-gegen-die-afd\/\">Mehr lesen -&gt;<span class=\"screen-reader-text\">Familie von AfD-Spender sammelt 100.000 Euro gegen die AfD<\/span><\/a><\/div>\n","protected":false},"author":1,"featured_media":157035,"comment_status":"open","ping_status":"open","sticky":false,"template":"","format":"standard","meta":{"jetpack_post_was_ever_published":false,"_jetpack_newsletter_access":"","_jetpack_dont_email_post_to_subs":false,"_jetpack_newsletter_tier_id":0,"_jetpack_memberships_contains_paywalled_content":false,"_jetpack_memberships_contains_paid_content":false,"footnotes":""},"categories":[6],"tags":[1205,7175],"class_list":["post-157034","post","type-post","status-publish","format-standard","has-post-thumbnail","hentry","category-alltaglicher-sinnwahn","tag-crowdfunding","tag-fck-afd","entry"],"jetpack_featured_media_url":"https:\/\/www.kraftfuttermischwerk.de\/blogg\/wp-content\/uploads2\/2020\/02\/Bildschirmfoto-2020-02-19-um-09.46.05.jpg","jetpack_shortlink":"https:\/\/wp.me\/pXEnA-EQO","jetpack-related-posts":[],"jetpack_sharing_enabled":true,"_links":{"self":[{"href":"https:\/\/www.kraftfuttermischwerk.de\/blogg\/wp-json\/wp\/v2\/posts\/157034","targetHints":{"allow":["GET"]}}],"collection":[{"href":"https:\/\/www.kraftfuttermischwerk.de\/blogg\/wp-json\/wp\/v2\/posts"}],"about":[{"href":"https:\/\/www.kraftfuttermischwerk.de\/blogg\/wp-json\/wp\/v2\/types\/post"}],"author":[{"embeddable":true,"href":"https:\/\/www.kraftfuttermischwerk.de\/blogg\/wp-json\/wp\/v2\/users\/1"}],"replies":[{"embeddable":true,"href":"https:\/\/www.kraftfuttermischwerk.de\/blogg\/wp-json\/wp\/v2\/comments?post=157034"}],"version-history":[{"count":2,"href":"https:\/\/www.kraftfuttermischwerk.de\/blogg\/wp-json\/wp\/v2\/posts\/157034\/revisions"}],"predecessor-version":[{"id":157037,"href":"https:\/\/www.kraftfuttermischwerk.de\/blogg\/wp-json\/wp\/v2\/posts\/157034\/revisions\/157037"}],"wp:featuredmedia":[{"embeddable":true,"href":"https:\/\/www.kraftfuttermischwerk.de\/blogg\/wp-json\/wp\/v2\/media\/157035"}],"wp:attachment":[{"href":"https:\/\/www.kraftfuttermischwerk.de\/blogg\/wp-json\/wp\/v2\/media?parent=157034"}],"wp:term":[{"taxonomy":"category","embeddable":true,"href":"https:\/\/www.kraftfuttermischwerk.de\/blogg\/wp-json\/wp\/v2\/categories?post=157034"},{"taxonomy":"post_tag","embeddable":true,"href":"https:\/\/www.kraftfuttermischwerk.de\/blogg\/wp-json\/wp\/v2\/tags?post=157034"}],"curies":[{"name":"wp","href":"https:\/\/api.w.org\/{rel}","templated":true}]}}