{"id":158847,"date":"2020-04-15T20:29:06","date_gmt":"2020-04-15T18:29:06","guid":{"rendered":"https:\/\/www.kraftfuttermischwerk.de\/blogg\/?p=158847"},"modified":"2020-04-15T20:29:06","modified_gmt":"2020-04-15T18:29:06","slug":"festivalsommer-bis-zum-31-august-2020-komplett-abgesagt","status":"publish","type":"post","link":"https:\/\/www.kraftfuttermischwerk.de\/blogg\/festivalsommer-bis-zum-31-august-2020-komplett-abgesagt\/","title":{"rendered":"Festivalsommer bis zum 31. August 2020 komplett abgesagt"},"content":{"rendered":"<img loading=\"lazy\" decoding=\"async\" src=\"https:\/\/www.kraftfuttermischwerk.de\/blogg\/wp-content\/uploads2\/2012\/07\/fusion201217von83.jpg\" width=\"1600\" height=\"1200\" class=\"alignnone size-full\" \/>\n<p>Eigentlich wussten wir ja alle, dass es so kommen w\u00fcrde. Kommen m\u00fcsste auch. Manche hatten noch ein bisschen Hoffnung, dass hintenraus f\u00fcr irgendwen dabei noch was \u00fcbrig bleiben w\u00fcrde. Aber nein. Das Meeresrausch f\u00e4llt in diesem Jahr ob Corona aus, die Fusion auch. Wissen wir seit ein paar Tagen. Und jetzt fliegen  auch die vermeintlich ganz Gro\u00dfen mit aus dem Kalender. Rock am Ring, das Hurricane, Roskilde, Southside, Deichbrand und alle gro\u00dfen Festivals, die bis zum 31. August stattfinden h\u00e4tten stattfinden wollen, wurde die Durchf\u00fchrung <a href=\"https:\/\/www.rollingstone.de\/corona-keine-konzerte-festivals-bis-31-august-1969003\/\">von Seiten der Regierung untersagt<\/a>. Richtig, wie ich finde. Trotzdem schei\u00dfe, auch wenn es gerade nicht anders geht. Offenbar wird das f\u00fcr mich der mauste Festival-Sommer seit 25 Jahren. Weil es halt einfach keine Festivals geben wird. <\/p>\n<blockquote><p>Gro\u00dfveranstaltungen sollen wegen der Corona-Pandemie bis zum 31. August grunds\u00e4tzlich untersagt werden \u2013 auch Fu\u00dfballspiele sind davon betroffen. Die Ministerpr\u00e4sidenten der L\u00e4nder und Bundeskanzlerin Angela Merkel (CDU) einigten sich nach Informationen der Deutschen Presse-Agentur am Mittwoch bei einer Schaltkonferenz auf dieses prinzipielle Verbot. Konkrete Regelungen, etwa zur Gr\u00f6\u00dfe der Veranstaltungen, sollen durch die L\u00e4nder getroffen werden.<\/p><\/blockquote>\n<p>Naja, fahr ich halt Fahrrad und freue mich um so mehr auf den n\u00e4chsten Sommer. <\/p>\n","protected":false},"excerpt":{"rendered":"<p>Eigentlich wussten wir ja alle, dass es so kommen w\u00fcrde. Kommen m\u00fcsste auch. Manche hatten noch ein bisschen Hoffnung, dass hintenraus f\u00fcr irgendwen dabei noch&#8230;<\/p>\n<div class=\"more-link-wrapper\"><a class=\"more-link\" href=\"https:\/\/www.kraftfuttermischwerk.de\/blogg\/festivalsommer-bis-zum-31-august-2020-komplett-abgesagt\/\">Mehr lesen -&gt;<span class=\"screen-reader-text\">Festivalsommer bis zum 31. August 2020 komplett abgesagt<\/span><\/a><\/div>\n","protected":false},"author":1,"featured_media":158848,"comment_status":"open","ping_status":"open","sticky":false,"template":"","format":"standard","meta":{"jetpack_post_was_ever_published":false,"_jetpack_newsletter_access":"","_jetpack_dont_email_post_to_subs":false,"_jetpack_newsletter_tier_id":0,"_jetpack_memberships_contains_paywalled_content":false,"_jetpack_memberships_contains_paid_content":false,"footnotes":""},"categories":[5,6],"tags":[8026,7943,2400],"class_list":["post-158847","post","type-post","status-publish","format-standard","has-post-thumbnail","hentry","category-musik","category-alltaglicher-sinnwahn","tag-8026","tag-corona","tag-festivals","entry"],"jetpack_featured_media_url":"https:\/\/www.kraftfuttermischwerk.de\/blogg\/wp-content\/uploads2\/2020\/04\/fusion201217von83.jpg","jetpack_shortlink":"https:\/\/wp.me\/pXEnA-Fk3","jetpack-related-posts":[],"jetpack_sharing_enabled":true,"_links":{"self":[{"href":"https:\/\/www.kraftfuttermischwerk.de\/blogg\/wp-json\/wp\/v2\/posts\/158847","targetHints":{"allow":["GET"]}}],"collection":[{"href":"https:\/\/www.kraftfuttermischwerk.de\/blogg\/wp-json\/wp\/v2\/posts"}],"about":[{"href":"https:\/\/www.kraftfuttermischwerk.de\/blogg\/wp-json\/wp\/v2\/types\/post"}],"author":[{"embeddable":true,"href":"https:\/\/www.kraftfuttermischwerk.de\/blogg\/wp-json\/wp\/v2\/users\/1"}],"replies":[{"embeddable":true,"href":"https:\/\/www.kraftfuttermischwerk.de\/blogg\/wp-json\/wp\/v2\/comments?post=158847"}],"version-history":[{"count":2,"href":"https:\/\/www.kraftfuttermischwerk.de\/blogg\/wp-json\/wp\/v2\/posts\/158847\/revisions"}],"predecessor-version":[{"id":158850,"href":"https:\/\/www.kraftfuttermischwerk.de\/blogg\/wp-json\/wp\/v2\/posts\/158847\/revisions\/158850"}],"wp:featuredmedia":[{"embeddable":true,"href":"https:\/\/www.kraftfuttermischwerk.de\/blogg\/wp-json\/wp\/v2\/media\/158848"}],"wp:attachment":[{"href":"https:\/\/www.kraftfuttermischwerk.de\/blogg\/wp-json\/wp\/v2\/media?parent=158847"}],"wp:term":[{"taxonomy":"category","embeddable":true,"href":"https:\/\/www.kraftfuttermischwerk.de\/blogg\/wp-json\/wp\/v2\/categories?post=158847"},{"taxonomy":"post_tag","embeddable":true,"href":"https:\/\/www.kraftfuttermischwerk.de\/blogg\/wp-json\/wp\/v2\/tags?post=158847"}],"curies":[{"name":"wp","href":"https:\/\/api.w.org\/{rel}","templated":true}]}}