{"id":159933,"date":"2020-05-24T14:12:07","date_gmt":"2020-05-24T12:12:07","guid":{"rendered":"https:\/\/www.kraftfuttermischwerk.de\/blogg\/?p=159933"},"modified":"2020-05-24T14:12:07","modified_gmt":"2020-05-24T12:12:07","slug":"carsten-erobique-meyer-paul-poetsch-lea-connert-wir-treiben-die-liebe-auf-die-cyber-weide","status":"publish","type":"post","link":"https:\/\/www.kraftfuttermischwerk.de\/blogg\/carsten-erobique-meyer-paul-poetsch-lea-connert-wir-treiben-die-liebe-auf-die-cyber-weide\/","title":{"rendered":"Carsten \u201cErobique\u201d Meyer, Paul P\u00f6tsch &#038; Lea Connert \u2013 Wir treiben die Liebe auf die Cyber-Weide"},"content":{"rendered":"<p>Eigentlich hatte ich mich auf den Abend des 9. Aprils im Hebbel am Ufer gefreut. Carsten \u201cErobique\u201d Meyer, Paul P\u00f6tsch sollten dort Lea Connert sollten mit ihrem Programm <em><a href=\"https:\/\/www.kampnagel.de\/de\/programm\/wir-treiben-die-liebe-auf-die-weide\/\">Wir treiben die Liebe auf die Weide<\/a><\/em> auf der B\u00fchne stehen, f\u00fcr das sie im musikalischen DDR-Erbe der 60er und 70er Jahre fischen. Damals entstanden Songs mit einem Bekenntnis zu Jazz, Afrobeat, Schlager, Soul, Tropic\u00e1lia und Funk, die so rein gar nichts mit dem grauen Klischee-Bild der DDR zu tun haben. Ich hatte Tickets, die durch den Lockdown nat\u00fcrlich hinf\u00e4llig wurden, was mich ein wenig traurig machte. Aber es wird sicher einen Nachholtermin geben und ich freue mich dann halt nochmal auf diesen Abend. Und auch wenn die Leute nicht auf der B\u00fchne stehen k\u00f6nnen, spielen sie doch zusammen mal Musik. Online. So wie hierf\u00fcr. <\/p>\n<p><span class=\"embed-youtube\" style=\"text-align:center; display: block;\"><iframe loading=\"lazy\" class=\"youtube-player\" width=\"640\" height=\"360\" src=\"https:\/\/www.youtube.com\/embed\/nrJZiwk5C0w?version=3&#038;rel=1&#038;showsearch=0&#038;showinfo=1&#038;iv_load_policy=1&#038;fs=1&#038;hl=de-DE&#038;autohide=2&#038;wmode=transparent\" allowfullscreen=\"true\" style=\"border:0;\" sandbox=\"allow-scripts allow-same-origin allow-popups allow-presentation allow-popups-to-escape-sandbox\"><\/iframe><\/span><br \/>\n<small>(<a href=\"https:\/\/youtu.be\/nrJZiwk5C0w\">Direktlink<\/a>)<\/small><\/p>\n","protected":false},"excerpt":{"rendered":"<p>Eigentlich hatte ich mich auf den Abend des 9. Aprils im Hebbel am Ufer gefreut. Carsten \u201cErobique\u201d Meyer, Paul P\u00f6tsch sollten dort Lea Connert sollten&#8230;<\/p>\n<div class=\"more-link-wrapper\"><a class=\"more-link\" href=\"https:\/\/www.kraftfuttermischwerk.de\/blogg\/carsten-erobique-meyer-paul-poetsch-lea-connert-wir-treiben-die-liebe-auf-die-cyber-weide\/\">Mehr lesen -&gt;<span class=\"screen-reader-text\">Carsten \u201cErobique\u201d Meyer, Paul P\u00f6tsch &#038; Lea Connert \u2013 Wir treiben die Liebe auf die Cyber-Weide<\/span><\/a><\/div>\n","protected":false},"author":1,"featured_media":159935,"comment_status":"open","ping_status":"open","sticky":false,"template":"","format":"standard","meta":{"jetpack_post_was_ever_published":false,"_jetpack_newsletter_access":"","_jetpack_dont_email_post_to_subs":false,"_jetpack_newsletter_tier_id":0,"_jetpack_memberships_contains_paywalled_content":false,"_jetpack_memberships_contains_paid_content":false,"footnotes":""},"categories":[22,5],"tags":[1276],"class_list":["post-159933","post","type-post","status-publish","format-standard","has-post-thumbnail","hentry","category-die-wende","category-musik","tag-erobique","entry"],"jetpack_featured_media_url":"https:\/\/www.kraftfuttermischwerk.de\/blogg\/wp-content\/uploads2\/2020\/05\/maxresdefault-3-1.jpg","jetpack_shortlink":"https:\/\/wp.me\/pXEnA-FBz","jetpack-related-posts":[],"jetpack_sharing_enabled":true,"_links":{"self":[{"href":"https:\/\/www.kraftfuttermischwerk.de\/blogg\/wp-json\/wp\/v2\/posts\/159933","targetHints":{"allow":["GET"]}}],"collection":[{"href":"https:\/\/www.kraftfuttermischwerk.de\/blogg\/wp-json\/wp\/v2\/posts"}],"about":[{"href":"https:\/\/www.kraftfuttermischwerk.de\/blogg\/wp-json\/wp\/v2\/types\/post"}],"author":[{"embeddable":true,"href":"https:\/\/www.kraftfuttermischwerk.de\/blogg\/wp-json\/wp\/v2\/users\/1"}],"replies":[{"embeddable":true,"href":"https:\/\/www.kraftfuttermischwerk.de\/blogg\/wp-json\/wp\/v2\/comments?post=159933"}],"version-history":[{"count":2,"href":"https:\/\/www.kraftfuttermischwerk.de\/blogg\/wp-json\/wp\/v2\/posts\/159933\/revisions"}],"predecessor-version":[{"id":159937,"href":"https:\/\/www.kraftfuttermischwerk.de\/blogg\/wp-json\/wp\/v2\/posts\/159933\/revisions\/159937"}],"wp:featuredmedia":[{"embeddable":true,"href":"https:\/\/www.kraftfuttermischwerk.de\/blogg\/wp-json\/wp\/v2\/media\/159935"}],"wp:attachment":[{"href":"https:\/\/www.kraftfuttermischwerk.de\/blogg\/wp-json\/wp\/v2\/media?parent=159933"}],"wp:term":[{"taxonomy":"category","embeddable":true,"href":"https:\/\/www.kraftfuttermischwerk.de\/blogg\/wp-json\/wp\/v2\/categories?post=159933"},{"taxonomy":"post_tag","embeddable":true,"href":"https:\/\/www.kraftfuttermischwerk.de\/blogg\/wp-json\/wp\/v2\/tags?post=159933"}],"curies":[{"name":"wp","href":"https:\/\/api.w.org\/{rel}","templated":true}]}}