{"id":16081,"date":"2010-07-18T20:04:13","date_gmt":"2010-07-18T18:04:13","guid":{"rendered":"http:\/\/www.kraftfuttermischwerk.de\/blogg\/?p=16081"},"modified":"2010-07-19T08:25:22","modified_gmt":"2010-07-19T06:25:22","slug":"das-archiv-der-jugendkulturen-konnte-gerade-etwas-hilfe-gebrauchen","status":"publish","type":"post","link":"https:\/\/www.kraftfuttermischwerk.de\/blogg\/das-archiv-der-jugendkulturen-konnte-gerade-etwas-hilfe-gebrauchen\/","title":{"rendered":"Das Archiv der Jugendkulturen k\u00f6nnte gerade etwas Hilfe gebrauchen"},"content":{"rendered":"<a href=\"http:\/\/www.jugendkulturen.de\/home\/stiftungsaufruf\"><img loading=\"lazy\" decoding=\"async\" src=\"https:\/\/www.kraftfuttermischwerk.de\/blogg\/wp-content\/uploads2\/2010\/07\/adjk.png\" alt=\"\" title=\"adjk\" width=\"505\" height=\"119\" class=\"alignnone size-full wp-image-16082\" srcset=\"https:\/\/www.kraftfuttermischwerk.de\/blogg\/wp-content\/uploads2\/2010\/07\/adjk.png 505w, https:\/\/www.kraftfuttermischwerk.de\/blogg\/wp-content\/uploads2\/2010\/07\/adjk-300x70.png 300w\" sizes=\"auto, (max-width: 505px) 100vw, 505px\" \/><\/a>\n<p>Das Archiv der Jugendkulturen sollte eigentlich jedermann gel\u00e4ufig sein. Die gehen gerade &#8222;<a href=\"http:\/\/www.jugendkulturen.de\/home\/stiftungsaufruf\">stiften<\/a>&#8222;, weil es anders nicht mehr zu wuppen ist. <\/p>\n<blockquote><p>Dem Archiv der Jugendkulturen droht das Aus! Die wohl gr\u00f6\u00dfte Sammlung von Material \u00fcber Jugendkulturen hat schon seit Jahren Schwierigkeiten, sich \u00fcber Wasser zu halten und die laufenden Kosten zu bezahlen. Obwohl es eine gemeinn\u00fctzige Organisation ist und viel f\u00fcr Jugendkulturen unternimmt, erh\u00e4lt es keine Cent staatlicher F\u00f6rderung.<\/p><\/blockquote>\n<p>Und selbst wenn Ihr die nicht kennen solltet, w\u00e4re ein R\u00fcckzug der Macher ein wirklich schmerzlicher Verlust. <\/p>\n<p>Und weil Ihr das Internetz seid, immer kulturell interessiert und engagiert seid, k\u00f6nnt Ihr was tun. Ihr k\u00f6nnt einige Euer Taler f\u00fcr diese Stiftung lockermachen. Weil es wirklich sinnvoll angelegtes Geld ist &#8211; und weil Ihr es k\u00f6nnt. Tut was, spendet!<br \/>\n<small>(via @<a href=\"http:\/\/twitter.com\/Spontis\/status\/18826709334\">Spontis<\/a>)<\/small><\/p>\n<p><strong>[Update:]<\/strong><br \/>\n <a href=\"http:\/\/www.spontis.de\/ansichtssache\/archiv-der-jugendkulturen-jetzt-retten\/\">Roberts Artikel zum Thema auf Spontis<\/a>.<br \/>\n<a href=\"http:\/\/www.facebook.com\/pages\/Archiv-der-Jugendkulturen-Jetzt-retten\/116884565025586\">Unterst\u00fctzerseite auf Facebook<\/a>.<\/p>\n","protected":false},"excerpt":{"rendered":"<p>Das Archiv der Jugendkulturen sollte eigentlich jedermann gel\u00e4ufig sein. Die gehen gerade &#8222;stiften&#8222;, weil es anders nicht mehr zu wuppen ist. Dem Archiv der Jugendkulturen&#8230;<\/p>\n<div class=\"more-link-wrapper\"><a class=\"more-link\" href=\"https:\/\/www.kraftfuttermischwerk.de\/blogg\/das-archiv-der-jugendkulturen-konnte-gerade-etwas-hilfe-gebrauchen\/\">Mehr lesen -&gt;<span class=\"screen-reader-text\">Das Archiv der Jugendkulturen k\u00f6nnte gerade etwas Hilfe gebrauchen<\/span><\/a><\/div>\n","protected":false},"author":1,"featured_media":0,"comment_status":"open","ping_status":"open","sticky":false,"template":"","format":"standard","meta":{"jetpack_post_was_ever_published":false,"_jetpack_newsletter_access":"","_jetpack_dont_email_post_to_subs":false,"_jetpack_newsletter_tier_id":0,"_jetpack_memberships_contains_paywalled_content":false,"_jetpack_memberships_contains_paid_content":false,"footnotes":""},"categories":[1],"tags":[],"class_list":["post-16081","post","type-post","status-publish","format-standard","hentry","category-nur-mal-so","entry"],"jetpack_featured_media_url":"","jetpack_shortlink":"https:\/\/wp.me\/pXEnA-4bn","jetpack-related-posts":[],"jetpack_sharing_enabled":true,"_links":{"self":[{"href":"https:\/\/www.kraftfuttermischwerk.de\/blogg\/wp-json\/wp\/v2\/posts\/16081","targetHints":{"allow":["GET"]}}],"collection":[{"href":"https:\/\/www.kraftfuttermischwerk.de\/blogg\/wp-json\/wp\/v2\/posts"}],"about":[{"href":"https:\/\/www.kraftfuttermischwerk.de\/blogg\/wp-json\/wp\/v2\/types\/post"}],"author":[{"embeddable":true,"href":"https:\/\/www.kraftfuttermischwerk.de\/blogg\/wp-json\/wp\/v2\/users\/1"}],"replies":[{"embeddable":true,"href":"https:\/\/www.kraftfuttermischwerk.de\/blogg\/wp-json\/wp\/v2\/comments?post=16081"}],"version-history":[{"count":0,"href":"https:\/\/www.kraftfuttermischwerk.de\/blogg\/wp-json\/wp\/v2\/posts\/16081\/revisions"}],"wp:attachment":[{"href":"https:\/\/www.kraftfuttermischwerk.de\/blogg\/wp-json\/wp\/v2\/media?parent=16081"}],"wp:term":[{"taxonomy":"category","embeddable":true,"href":"https:\/\/www.kraftfuttermischwerk.de\/blogg\/wp-json\/wp\/v2\/categories?post=16081"},{"taxonomy":"post_tag","embeddable":true,"href":"https:\/\/www.kraftfuttermischwerk.de\/blogg\/wp-json\/wp\/v2\/tags?post=16081"}],"curies":[{"name":"wp","href":"https:\/\/api.w.org\/{rel}","templated":true}]}}