{"id":16124,"date":"2010-07-20T13:15:59","date_gmt":"2010-07-20T11:15:59","guid":{"rendered":"http:\/\/www.kraftfuttermischwerk.de\/blogg\/?p=16124"},"modified":"2010-07-20T13:15:59","modified_gmt":"2010-07-20T11:15:59","slug":"venedig","status":"publish","type":"post","link":"https:\/\/www.kraftfuttermischwerk.de\/blogg\/venedig\/","title":{"rendered":"Venedig"},"content":{"rendered":"<p>Ein wunderbarer Film, der die Farben Venedigs zeigt. Ich wei\u00df, dass das etwas verromantisierd r\u00fcberkommt, denn jeder der aus Venedig kommt, schimpft \u00fcber die grottenh\u00e4ssliche Stadt. Egal, die Aufnahmen sind ein optischer Knaller.<\/p>\n<p><object width=\"505\" height=\"284\"><param name=\"allowfullscreen\" value=\"true\" \/><param name=\"allowscriptaccess\" value=\"always\" \/><param name=\"movie\" value=\"http:\/\/vimeo.com\/moogaloop.swf?clip_id=12358381&amp;server=vimeo.com&amp;show_title=1&amp;show_byline=1&amp;show_portrait=0&amp;color=00ADEF&amp;fullscreen=1\" \/><\/object><br \/>\n<small>(<a href=\"http:\/\/vimeo.com\/12358381\">Direktlink<\/a>, via <a href=\"http:\/\/blog.stuttgarter-zeitung.de\/globales-dorf\/2010\/07\/20\/urlaub-fur-daheimreisende-venedig\/\">Glaserei<\/a>)<\/small><\/p>\n","protected":false},"excerpt":{"rendered":"<p>Ein wunderbarer Film, der die Farben Venedigs zeigt. Ich wei\u00df, dass das etwas verromantisierd r\u00fcberkommt, denn jeder der aus Venedig kommt, schimpft \u00fcber die grottenh\u00e4ssliche&#8230;<\/p>\n<div class=\"more-link-wrapper\"><a class=\"more-link\" href=\"https:\/\/www.kraftfuttermischwerk.de\/blogg\/venedig\/\">Mehr lesen -&gt;<span class=\"screen-reader-text\">Venedig<\/span><\/a><\/div>\n","protected":false},"author":1,"featured_media":0,"comment_status":"open","ping_status":"open","sticky":false,"template":"","format":"standard","meta":{"jetpack_post_was_ever_published":false,"_jetpack_newsletter_access":"","_jetpack_dont_email_post_to_subs":false,"_jetpack_newsletter_tier_id":0,"_jetpack_memberships_contains_paywalled_content":false,"_jetpack_memberships_contains_paid_content":false,"footnotes":""},"categories":[8],"tags":[],"class_list":["post-16124","post","type-post","status-publish","format-standard","hentry","category-visuelles","entry"],"jetpack_featured_media_url":"","jetpack_shortlink":"https:\/\/wp.me\/sXEnA-venedig","jetpack-related-posts":[],"jetpack_sharing_enabled":true,"_links":{"self":[{"href":"https:\/\/www.kraftfuttermischwerk.de\/blogg\/wp-json\/wp\/v2\/posts\/16124","targetHints":{"allow":["GET"]}}],"collection":[{"href":"https:\/\/www.kraftfuttermischwerk.de\/blogg\/wp-json\/wp\/v2\/posts"}],"about":[{"href":"https:\/\/www.kraftfuttermischwerk.de\/blogg\/wp-json\/wp\/v2\/types\/post"}],"author":[{"embeddable":true,"href":"https:\/\/www.kraftfuttermischwerk.de\/blogg\/wp-json\/wp\/v2\/users\/1"}],"replies":[{"embeddable":true,"href":"https:\/\/www.kraftfuttermischwerk.de\/blogg\/wp-json\/wp\/v2\/comments?post=16124"}],"version-history":[{"count":0,"href":"https:\/\/www.kraftfuttermischwerk.de\/blogg\/wp-json\/wp\/v2\/posts\/16124\/revisions"}],"wp:attachment":[{"href":"https:\/\/www.kraftfuttermischwerk.de\/blogg\/wp-json\/wp\/v2\/media?parent=16124"}],"wp:term":[{"taxonomy":"category","embeddable":true,"href":"https:\/\/www.kraftfuttermischwerk.de\/blogg\/wp-json\/wp\/v2\/categories?post=16124"},{"taxonomy":"post_tag","embeddable":true,"href":"https:\/\/www.kraftfuttermischwerk.de\/blogg\/wp-json\/wp\/v2\/tags?post=16124"}],"curies":[{"name":"wp","href":"https:\/\/api.w.org\/{rel}","templated":true}]}}