{"id":162344,"date":"2020-08-30T16:28:18","date_gmt":"2020-08-30T14:28:18","guid":{"rendered":"https:\/\/www.kraftfuttermischwerk.de\/blogg\/?p=162344"},"modified":"2020-08-31T14:24:39","modified_gmt":"2020-08-31T12:24:39","slug":"stimmen-aus-den-anti-hygiene-demos","status":"publish","type":"post","link":"https:\/\/www.kraftfuttermischwerk.de\/blogg\/stimmen-aus-den-anti-hygiene-demos\/","title":{"rendered":"Stimmen aus den Anti-Hygiene-Demos"},"content":{"rendered":"<p>Ich schreibe und empfinde das selten, aber zu dem, was da gestern in Berlin los war, fehlen mir die Worte. Wenn eins es zusammenfassen kann, dann wohl em ehesten Fassungslosigkeit. Wie viele asoziale Arschl\u00f6cher sich da zusammengetan haben, um gemeinsam ihrer asozialen Arschlochigkeit zu fr\u00f6nen, l\u00e4sst mich irgendwie fassungslos zur\u00fcck. Wirklich. Ich glaube nicht, dass man diese Menschen irgendwie zur\u00fcck in einen konstruktiven Diskurs bekommt &#8211; und ich habe auch nicht das Bed\u00fcrfnis, mich darum zu bem\u00fchen. Nicht im Geringsten. <\/p>\n<p>Hier ein zweifelhaftes &#8222;Best of&#8220; verschiedener Anti-Hygiene-Demos der Erwachten und quer Denkenden, die keinen zwangsl\u00e4ufigen Kontext zu der gestrigen Veranstaltung in Berlin haben m\u00fcssen. Aber es d\u00fcrfte wohl einige Ber\u00fchrungspunkte unter den Teilnehmern geben. Schwurbelparade galore. <\/p>\n<p><em>&#8222;Wie durch sind Sie?&#8220;<\/p>\n<p>&#8222;<strong>JA!<\/strong>&#8220; <\/em><\/p>\n<p><span class=\"embed-youtube\" style=\"text-align:center; display: block;\"><iframe loading=\"lazy\" class=\"youtube-player\" width=\"640\" height=\"360\" src=\"https:\/\/www.youtube.com\/embed\/bCaTX7gd32E?version=3&#038;rel=1&#038;showsearch=0&#038;showinfo=1&#038;iv_load_policy=1&#038;fs=1&#038;hl=de-DE&#038;autohide=2&#038;wmode=transparent\" allowfullscreen=\"true\" style=\"border:0;\" sandbox=\"allow-scripts allow-same-origin allow-popups allow-presentation allow-popups-to-escape-sandbox\"><\/iframe><\/span><br \/>\n<small>(<a href=\"https:\/\/youtu.be\/bCaTX7gd32E\">Direktlink<\/a>)<\/small><\/p>\n<p>Zugabe:<\/p>\n<blockquote class=\"twitter-tweet\" data-width=\"500\" data-dnt=\"true\">\n<p lang=\"de\" dir=\"ltr\">Never forget, dass du den Bundestag st\u00fcrmen kannst und von drei Polizisten z\u00f6gernd zur\u00fcckgehalten wirst, aber wenn du als 15-J\u00e4hriger mit einem eScooter auf dem Gehweg f\u00e4hrst, r\u00fcckt die halbe Polizei Hamburg vor und haut dich zu neunt auf den Asphalt.<\/p>\n<p>&mdash; Shahak Shapira (@ShahakShapira) <a href=\"https:\/\/twitter.com\/ShahakShapira\/status\/1299778743750332419?ref_src=twsrc%5Etfw\">August 29, 2020<\/a><\/p><\/blockquote>\n<p><script async src=\"https:\/\/platform.twitter.com\/widgets.js\" charset=\"utf-8\"><\/script><\/p>\n","protected":false},"excerpt":{"rendered":"<p>Ich schreibe und empfinde das selten, aber zu dem, was da gestern in Berlin los war, fehlen mir die Worte. Wenn eins es zusammenfassen kann,&#8230;<\/p>\n<div class=\"more-link-wrapper\"><a class=\"more-link\" href=\"https:\/\/www.kraftfuttermischwerk.de\/blogg\/stimmen-aus-den-anti-hygiene-demos\/\">Mehr lesen -&gt;<span class=\"screen-reader-text\">Stimmen aus den Anti-Hygiene-Demos<\/span><\/a><\/div>\n","protected":false},"author":1,"featured_media":162345,"comment_status":"open","ping_status":"open","sticky":false,"template":"","format":"standard","meta":{"jetpack_post_was_ever_published":false,"_jetpack_newsletter_access":"","_jetpack_dont_email_post_to_subs":false,"_jetpack_newsletter_tier_id":0,"_jetpack_memberships_contains_paywalled_content":false,"_jetpack_memberships_contains_paid_content":false,"footnotes":""},"categories":[6],"tags":[7943,972],"class_list":["post-162344","post","type-post","status-publish","format-standard","has-post-thumbnail","hentry","category-alltaglicher-sinnwahn","tag-corona","tag-knetbirnen","entry"],"jetpack_featured_media_url":"https:\/\/www.kraftfuttermischwerk.de\/blogg\/wp-content\/uploads2\/2020\/08\/Bildschirmfoto-2020-08-30-um-16.23.10.jpg","jetpack_shortlink":"https:\/\/wp.me\/pXEnA-Ges","jetpack-related-posts":[],"jetpack_sharing_enabled":true,"_links":{"self":[{"href":"https:\/\/www.kraftfuttermischwerk.de\/blogg\/wp-json\/wp\/v2\/posts\/162344","targetHints":{"allow":["GET"]}}],"collection":[{"href":"https:\/\/www.kraftfuttermischwerk.de\/blogg\/wp-json\/wp\/v2\/posts"}],"about":[{"href":"https:\/\/www.kraftfuttermischwerk.de\/blogg\/wp-json\/wp\/v2\/types\/post"}],"author":[{"embeddable":true,"href":"https:\/\/www.kraftfuttermischwerk.de\/blogg\/wp-json\/wp\/v2\/users\/1"}],"replies":[{"embeddable":true,"href":"https:\/\/www.kraftfuttermischwerk.de\/blogg\/wp-json\/wp\/v2\/comments?post=162344"}],"version-history":[{"count":5,"href":"https:\/\/www.kraftfuttermischwerk.de\/blogg\/wp-json\/wp\/v2\/posts\/162344\/revisions"}],"predecessor-version":[{"id":162407,"href":"https:\/\/www.kraftfuttermischwerk.de\/blogg\/wp-json\/wp\/v2\/posts\/162344\/revisions\/162407"}],"wp:featuredmedia":[{"embeddable":true,"href":"https:\/\/www.kraftfuttermischwerk.de\/blogg\/wp-json\/wp\/v2\/media\/162345"}],"wp:attachment":[{"href":"https:\/\/www.kraftfuttermischwerk.de\/blogg\/wp-json\/wp\/v2\/media?parent=162344"}],"wp:term":[{"taxonomy":"category","embeddable":true,"href":"https:\/\/www.kraftfuttermischwerk.de\/blogg\/wp-json\/wp\/v2\/categories?post=162344"},{"taxonomy":"post_tag","embeddable":true,"href":"https:\/\/www.kraftfuttermischwerk.de\/blogg\/wp-json\/wp\/v2\/tags?post=162344"}],"curies":[{"name":"wp","href":"https:\/\/api.w.org\/{rel}","templated":true}]}}