{"id":164125,"date":"2020-11-04T09:17:16","date_gmt":"2020-11-04T08:17:16","guid":{"rendered":"https:\/\/www.kraftfuttermischwerk.de\/blogg\/?p=164125"},"modified":"2020-11-04T09:17:16","modified_gmt":"2020-11-04T08:17:16","slug":"nordkoreanische-offizielle-sehen-zum-ersten-mal-eine-k-pop-show","status":"publish","type":"post","link":"https:\/\/www.kraftfuttermischwerk.de\/blogg\/nordkoreanische-offizielle-sehen-zum-ersten-mal-eine-k-pop-show\/","title":{"rendered":"Nordkoreanische Offizielle sehen zum ersten Mal eine K-Pop-Show"},"content":{"rendered":"<p><a href=\"https:\/\/edition.cnn.com\/2018\/04\/01\/world\/kim-jong-un-concert-kpop\/index.html\">Nordkorea 2018<\/a>: nordkoreanische B\u00fcrger sehen erstmalig den Auftritt einer K-Pop-Band. Leicht unterk\u00fchlt f\u00fchlen sie sich dabei nicht sonderlich gut unterhalten. Oder sind halt einfach ein wenig zur\u00fcckhaltend. Ob das allerdings bei einem Gig, von sagen wir mal, Metallica anders gewesen w\u00e4re, k\u00f6nnen wir nat\u00fcrlich nicht wissen.<\/p>\n<p><span class=\"embed-youtube\" style=\"text-align:center; display: block;\"><iframe loading=\"lazy\" class=\"youtube-player\" width=\"640\" height=\"360\" src=\"https:\/\/www.youtube.com\/embed\/93_c_eD3tgE?version=3&#038;rel=1&#038;showsearch=0&#038;showinfo=1&#038;iv_load_policy=1&#038;fs=1&#038;hl=de-DE&#038;autohide=2&#038;wmode=transparent\" allowfullscreen=\"true\" style=\"border:0;\" sandbox=\"allow-scripts allow-same-origin allow-popups allow-presentation allow-popups-to-escape-sandbox\"><\/iframe><\/span><br \/>\n<small>(via <a href=\"https:\/\/boingboing.net\/2020\/11\/03\/watch-north-korean-officials-reactions-to-hearing-k-pop-for-the-first-time.html\">BoingBoing<\/a>)<\/small><\/p>\n","protected":false},"excerpt":{"rendered":"<p>Nordkorea 2018: nordkoreanische B\u00fcrger sehen erstmalig den Auftritt einer K-Pop-Band. Leicht unterk\u00fchlt f\u00fchlen sie sich dabei nicht sonderlich gut unterhalten. Oder sind halt einfach ein&#8230;<\/p>\n<div class=\"more-link-wrapper\"><a class=\"more-link\" href=\"https:\/\/www.kraftfuttermischwerk.de\/blogg\/nordkoreanische-offizielle-sehen-zum-ersten-mal-eine-k-pop-show\/\">Mehr lesen -&gt;<span class=\"screen-reader-text\">Nordkoreanische Offizielle sehen zum ersten Mal eine K-Pop-Show<\/span><\/a><\/div>\n","protected":false},"author":1,"featured_media":164127,"comment_status":"open","ping_status":"open","sticky":false,"template":"","format":"standard","meta":{"jetpack_post_was_ever_published":false,"_jetpack_newsletter_access":"","_jetpack_dont_email_post_to_subs":false,"_jetpack_newsletter_tier_id":0,"_jetpack_memberships_contains_paywalled_content":false,"_jetpack_memberships_contains_paid_content":false,"footnotes":""},"categories":[1],"tags":[130,8240,329],"class_list":["post-164125","post","type-post","status-publish","format-standard","has-post-thumbnail","hentry","category-nur-mal-so","tag-fun","tag-k-pop","tag-north-korea","entry"],"jetpack_featured_media_url":"https:\/\/www.kraftfuttermischwerk.de\/blogg\/wp-content\/uploads2\/2020\/11\/Bildschirmfoto-2020-11-04-um-09.16.54.jpg","jetpack_shortlink":"https:\/\/wp.me\/pXEnA-GHb","jetpack-related-posts":[],"jetpack_sharing_enabled":true,"_links":{"self":[{"href":"https:\/\/www.kraftfuttermischwerk.de\/blogg\/wp-json\/wp\/v2\/posts\/164125","targetHints":{"allow":["GET"]}}],"collection":[{"href":"https:\/\/www.kraftfuttermischwerk.de\/blogg\/wp-json\/wp\/v2\/posts"}],"about":[{"href":"https:\/\/www.kraftfuttermischwerk.de\/blogg\/wp-json\/wp\/v2\/types\/post"}],"author":[{"embeddable":true,"href":"https:\/\/www.kraftfuttermischwerk.de\/blogg\/wp-json\/wp\/v2\/users\/1"}],"replies":[{"embeddable":true,"href":"https:\/\/www.kraftfuttermischwerk.de\/blogg\/wp-json\/wp\/v2\/comments?post=164125"}],"version-history":[{"count":3,"href":"https:\/\/www.kraftfuttermischwerk.de\/blogg\/wp-json\/wp\/v2\/posts\/164125\/revisions"}],"predecessor-version":[{"id":164129,"href":"https:\/\/www.kraftfuttermischwerk.de\/blogg\/wp-json\/wp\/v2\/posts\/164125\/revisions\/164129"}],"wp:featuredmedia":[{"embeddable":true,"href":"https:\/\/www.kraftfuttermischwerk.de\/blogg\/wp-json\/wp\/v2\/media\/164127"}],"wp:attachment":[{"href":"https:\/\/www.kraftfuttermischwerk.de\/blogg\/wp-json\/wp\/v2\/media?parent=164125"}],"wp:term":[{"taxonomy":"category","embeddable":true,"href":"https:\/\/www.kraftfuttermischwerk.de\/blogg\/wp-json\/wp\/v2\/categories?post=164125"},{"taxonomy":"post_tag","embeddable":true,"href":"https:\/\/www.kraftfuttermischwerk.de\/blogg\/wp-json\/wp\/v2\/tags?post=164125"}],"curies":[{"name":"wp","href":"https:\/\/api.w.org\/{rel}","templated":true}]}}