{"id":164565,"date":"2020-11-18T00:04:20","date_gmt":"2020-11-17T23:04:20","guid":{"rendered":"https:\/\/www.kraftfuttermischwerk.de\/blogg\/?p=164565"},"modified":"2020-11-18T00:11:49","modified_gmt":"2020-11-17T23:11:49","slug":"monchi-fromm-schreibt-und-liest-eine-kolumne-fuer-die-seenotretter-von-mission-lifeline","status":"publish","type":"post","link":"https:\/\/www.kraftfuttermischwerk.de\/blogg\/monchi-fromm-schreibt-und-liest-eine-kolumne-fuer-die-seenotretter-von-mission-lifeline\/","title":{"rendered":"Monchi Fromm schreibt und liest eine Kolumne f\u00fcr die Seenotretter von Mission Lifeline"},"content":{"rendered":"<p>Es sind beschissene Tage f\u00fcr uns alle. Und ich tue mich selbst sehr schwer damit, die irgendwie in Worte fassen zu wollen. Weil diese Schei\u00dfe real existiert. F\u00fcr so viele so viel beschissener als f\u00fcr mich hier, f\u00fcr uns hier. <\/p>\n<p>Monchi hat eine Kolumne geschrieben. F\u00fcr <a href=\"https:\/\/www.facebook.com\/watch\/seenotrettung\/?tab=home\">Mission Lifeline<\/a>, Seenotretter im Mittelmeer, die viel zu viele aktuell fast vergessen haben. <\/p>\n<p>Und Monchi ist kein guter Vorleser, was gemessen an dem, was die Frau des Hauses hier so vorzulesen vermag, kein Ma\u00dfstab sein kann, weil sie schlicht die beste Vorleserin aller ist. Aber das, was Monchi hier vorliest macht mir hier gerade krass G\u00e4nsehaut bei. Weil dort drau\u00dfen trotz alle dem Menschen ersaufen. Und da bin ich wirklich g\u00e4nzlich bei ihm. <\/p>\n<blockquote><p>&#8222;Ich hab&#8216; in vielen Sachen keine Ahnung. Ich bin selber oft genug ein Vollidiot und wei\u00df in diesen verr\u00fcckten Zeiten immer \u00f6fter selber nicht, was richtig und was falsch ist. Aber eins wei\u00df ich noch: Ersaufen lassen ist nicht richtig. Leute in solchen Lagern leben lassen ist nicht richtig.&#8220;<\/p><\/blockquote>\n<p><a href=\"https:\/\/mission-lifeline.de\/\">Gebt was<\/a>, wenn ihr k\u00f6nnt, wenn ihr wollt. <\/p>\n<p><iframe loading=\"lazy\" src=\"https:\/\/www.facebook.com\/plugins\/video.php?height=314&#038;href=https%3A%2F%2Fwww.facebook.com%2Ffeinesahnefischfilet%2Fvideos%2F684436705424745%2F&#038;show_text=false&#038;width=560\" width=\"640\" height=\"360\" style=\"border:none;overflow:hidden\" scrolling=\"no\" frameborder=\"0\" allowfullscreen=\"true\" allow=\"autoplay; clipboard-write; encrypted-media; picture-in-picture; web-share\" allowFullScreen=\"true\"><\/iframe><\/p>\n","protected":false},"excerpt":{"rendered":"<p>Es sind beschissene Tage f\u00fcr uns alle. Und ich tue mich selbst sehr schwer damit, die irgendwie in Worte fassen zu wollen. Weil diese Schei\u00dfe&#8230;<\/p>\n<div class=\"more-link-wrapper\"><a class=\"more-link\" href=\"https:\/\/www.kraftfuttermischwerk.de\/blogg\/monchi-fromm-schreibt-und-liest-eine-kolumne-fuer-die-seenotretter-von-mission-lifeline\/\">Mehr lesen -&gt;<span class=\"screen-reader-text\">Monchi Fromm schreibt und liest eine Kolumne f\u00fcr die Seenotretter von Mission Lifeline<\/span><\/a><\/div>\n","protected":false},"author":1,"featured_media":164566,"comment_status":"open","ping_status":"open","sticky":false,"template":"","format":"standard","meta":{"jetpack_post_was_ever_published":false,"_jetpack_newsletter_access":"","_jetpack_dont_email_post_to_subs":false,"_jetpack_newsletter_tier_id":0,"_jetpack_memberships_contains_paywalled_content":false,"_jetpack_memberships_contains_paid_content":false,"footnotes":""},"categories":[6],"tags":[897,896],"class_list":["post-164565","post","type-post","status-publish","format-standard","has-post-thumbnail","hentry","category-alltaglicher-sinnwahn","tag-europe","tag-refugees","entry"],"jetpack_featured_media_url":"https:\/\/www.kraftfuttermischwerk.de\/blogg\/wp-content\/uploads2\/2020\/11\/Bildschirmfoto-2020-11-17-um-23.59.37.jpg","jetpack_shortlink":"https:\/\/wp.me\/pXEnA-GOh","jetpack-related-posts":[],"jetpack_sharing_enabled":true,"_links":{"self":[{"href":"https:\/\/www.kraftfuttermischwerk.de\/blogg\/wp-json\/wp\/v2\/posts\/164565","targetHints":{"allow":["GET"]}}],"collection":[{"href":"https:\/\/www.kraftfuttermischwerk.de\/blogg\/wp-json\/wp\/v2\/posts"}],"about":[{"href":"https:\/\/www.kraftfuttermischwerk.de\/blogg\/wp-json\/wp\/v2\/types\/post"}],"author":[{"embeddable":true,"href":"https:\/\/www.kraftfuttermischwerk.de\/blogg\/wp-json\/wp\/v2\/users\/1"}],"replies":[{"embeddable":true,"href":"https:\/\/www.kraftfuttermischwerk.de\/blogg\/wp-json\/wp\/v2\/comments?post=164565"}],"version-history":[{"count":6,"href":"https:\/\/www.kraftfuttermischwerk.de\/blogg\/wp-json\/wp\/v2\/posts\/164565\/revisions"}],"predecessor-version":[{"id":164572,"href":"https:\/\/www.kraftfuttermischwerk.de\/blogg\/wp-json\/wp\/v2\/posts\/164565\/revisions\/164572"}],"wp:featuredmedia":[{"embeddable":true,"href":"https:\/\/www.kraftfuttermischwerk.de\/blogg\/wp-json\/wp\/v2\/media\/164566"}],"wp:attachment":[{"href":"https:\/\/www.kraftfuttermischwerk.de\/blogg\/wp-json\/wp\/v2\/media?parent=164565"}],"wp:term":[{"taxonomy":"category","embeddable":true,"href":"https:\/\/www.kraftfuttermischwerk.de\/blogg\/wp-json\/wp\/v2\/categories?post=164565"},{"taxonomy":"post_tag","embeddable":true,"href":"https:\/\/www.kraftfuttermischwerk.de\/blogg\/wp-json\/wp\/v2\/tags?post=164565"}],"curies":[{"name":"wp","href":"https:\/\/api.w.org\/{rel}","templated":true}]}}