{"id":164677,"date":"2020-11-20T20:21:08","date_gmt":"2020-11-20T19:21:08","guid":{"rendered":"https:\/\/www.kraftfuttermischwerk.de\/blogg\/?p=164677"},"modified":"2020-11-20T20:21:08","modified_gmt":"2020-11-20T19:21:08","slug":"ballern-bis-zum-kommunismus-und-wie-die-afd-stadtratsfraktion-halle-dieses-interpretiert","status":"publish","type":"post","link":"https:\/\/www.kraftfuttermischwerk.de\/blogg\/ballern-bis-zum-kommunismus-und-wie-die-afd-stadtratsfraktion-halle-dieses-interpretiert\/","title":{"rendered":"&#8222;Ballern bis zum Kommunismus&#8220; &#8211; und wie die AfD Stadtratsfraktion Halle dieses interpretiert"},"content":{"rendered":"<p>Man k\u00f6nnte ja das Kalk\u00fcl nach Aufmerksamkeit unterstellen. Aber ich glaube ernsthaft, die wissen es wirklich nicht besser und haben bei &#8222;ballern&#8220; direkt eine durchgeladene Wumme am Kopf im Kopf, die in dem Fall mit dieser genau gar nichts zu tun hat, ihr Sackgesichter der AfD in Halle. <\/p>\n<p>Und &#8222;Ballern bis zum Kommunismus&#8220; k\u00f6nnte ja auch erstmal ganz okay sein. Finde ich. Ob das dann noch ginge, m\u00fcsste halt im besten Fall vorher schon gekl\u00e4rt sein. Weil wenn nicht, m\u00fcssten wir halt erstmal gucken&#8230; <\/p>\n<p>Die bisher existierende <a href=\"https:\/\/www.facebook.com\/AfD.Stadtrat.Halle\">FB-Seite<\/a> der AfD Stadtratsfraktion Halle ist mittlerweile nicht mehr online. Warum auch immer. Aber wenn ich irgendwem eine solche D\u00e4mlichkeit zutraue, dann den Ahnungslosen von der AfD. Tjoar. <\/p>\n<img loading=\"lazy\" decoding=\"async\" src=\"https:\/\/www.kraftfuttermischwerk.de\/blogg\/wp-content\/uploads2\/2020\/11\/126162020_10222231774615597_6334175580728460586_n.jpg\" alt=\"\" width=\"640\" height=\"816\" class=\"alignnone size-full wp-image-164678\" srcset=\"https:\/\/www.kraftfuttermischwerk.de\/blogg\/wp-content\/uploads2\/2020\/11\/126162020_10222231774615597_6334175580728460586_n.jpg 497w, https:\/\/www.kraftfuttermischwerk.de\/blogg\/wp-content\/uploads2\/2020\/11\/126162020_10222231774615597_6334175580728460586_n-235x300.jpg 235w\" sizes=\"auto, (max-width: 640px) 100vw, 640px\" \/>\n","protected":false},"excerpt":{"rendered":"<p>Man k\u00f6nnte ja das Kalk\u00fcl nach Aufmerksamkeit unterstellen. Aber ich glaube ernsthaft, die wissen es wirklich nicht besser und haben bei &#8222;ballern&#8220; direkt eine durchgeladene&#8230;<\/p>\n<div class=\"more-link-wrapper\"><a class=\"more-link\" href=\"https:\/\/www.kraftfuttermischwerk.de\/blogg\/ballern-bis-zum-kommunismus-und-wie-die-afd-stadtratsfraktion-halle-dieses-interpretiert\/\">Mehr lesen -&gt;<span class=\"screen-reader-text\">&#8222;Ballern bis zum Kommunismus&#8220; &#8211; und wie die AfD Stadtratsfraktion Halle dieses interpretiert<\/span><\/a><\/div>\n","protected":false},"author":1,"featured_media":164679,"comment_status":"open","ping_status":"open","sticky":false,"template":"","format":"standard","meta":{"jetpack_post_was_ever_published":false,"_jetpack_newsletter_access":"","_jetpack_dont_email_post_to_subs":false,"_jetpack_newsletter_tier_id":0,"_jetpack_memberships_contains_paywalled_content":false,"_jetpack_memberships_contains_paid_content":false,"footnotes":""},"categories":[6],"tags":[1783,996,2806],"class_list":["post-164677","post","type-post","status-publish","format-standard","has-post-thumbnail","hentry","category-alltaglicher-sinnwahn","tag-afd","tag-antifa","tag-halle","entry"],"jetpack_featured_media_url":"https:\/\/www.kraftfuttermischwerk.de\/blogg\/wp-content\/uploads2\/2020\/11\/Bildschirmfoto-2020-11-20-um-20.20.30.jpg","jetpack_shortlink":"https:\/\/wp.me\/pXEnA-GQ5","jetpack-related-posts":[],"jetpack_sharing_enabled":true,"_links":{"self":[{"href":"https:\/\/www.kraftfuttermischwerk.de\/blogg\/wp-json\/wp\/v2\/posts\/164677","targetHints":{"allow":["GET"]}}],"collection":[{"href":"https:\/\/www.kraftfuttermischwerk.de\/blogg\/wp-json\/wp\/v2\/posts"}],"about":[{"href":"https:\/\/www.kraftfuttermischwerk.de\/blogg\/wp-json\/wp\/v2\/types\/post"}],"author":[{"embeddable":true,"href":"https:\/\/www.kraftfuttermischwerk.de\/blogg\/wp-json\/wp\/v2\/users\/1"}],"replies":[{"embeddable":true,"href":"https:\/\/www.kraftfuttermischwerk.de\/blogg\/wp-json\/wp\/v2\/comments?post=164677"}],"version-history":[{"count":2,"href":"https:\/\/www.kraftfuttermischwerk.de\/blogg\/wp-json\/wp\/v2\/posts\/164677\/revisions"}],"predecessor-version":[{"id":164681,"href":"https:\/\/www.kraftfuttermischwerk.de\/blogg\/wp-json\/wp\/v2\/posts\/164677\/revisions\/164681"}],"wp:featuredmedia":[{"embeddable":true,"href":"https:\/\/www.kraftfuttermischwerk.de\/blogg\/wp-json\/wp\/v2\/media\/164679"}],"wp:attachment":[{"href":"https:\/\/www.kraftfuttermischwerk.de\/blogg\/wp-json\/wp\/v2\/media?parent=164677"}],"wp:term":[{"taxonomy":"category","embeddable":true,"href":"https:\/\/www.kraftfuttermischwerk.de\/blogg\/wp-json\/wp\/v2\/categories?post=164677"},{"taxonomy":"post_tag","embeddable":true,"href":"https:\/\/www.kraftfuttermischwerk.de\/blogg\/wp-json\/wp\/v2\/tags?post=164677"}],"curies":[{"name":"wp","href":"https:\/\/api.w.org\/{rel}","templated":true}]}}