{"id":164682,"date":"2020-11-20T21:13:18","date_gmt":"2020-11-20T20:13:18","guid":{"rendered":"https:\/\/www.kraftfuttermischwerk.de\/blogg\/?p=164682"},"modified":"2020-11-20T21:30:46","modified_gmt":"2020-11-20T20:30:46","slug":"10-jahre-der-das-kfmw-adventskalender-und-der-obligatorische-digitale-klingelbeutel-dazu","status":"publish","type":"post","link":"https:\/\/www.kraftfuttermischwerk.de\/blogg\/10-jahre-der-das-kfmw-adventskalender-und-der-obligatorische-digitale-klingelbeutel-dazu\/","title":{"rendered":"10 Jahre der das KFMW Adventskalender &#8211; und der obligatorische, digitale Klingelbeutel dazu"},"content":{"rendered":"<p>Liebe Freunde der akustischen Unterhaltungselektronik, <\/p>\n<p>als im Herbst 2010 damit anfing, <a href=\"https:\/\/www.kraftfuttermischwerk.de\/blogg\/category\/adventskalender\/\">einen musikalischen Adventskalender<\/a> zusammenzutragen, h\u00e4tte ich jeden (h\u00e4misch) ausgelacht, der mir gesagt h\u00e4tte, dass ich das 10 Jahre sp\u00e4ter, im Jahr 2020 allj\u00e4hrlich immer noch tun w\u00fcrde. War damals nicht meine Idee. Tanith machte schon damals etwas \u00c4hnliches, aber offener. Seine T\u00fcrchen boten Tracks, Live-Sets, oder im besten Fall Mixe. Ich wollte das f\u00fcr hier, f\u00fcr mich, etwas konkreter. Ich wollte f\u00fcr jeden Tag einen Mix, der extra daf\u00fcr gemacht werden sollte und wusste gar nicht, ob das so klappen w\u00fcrde. Tat es. All die Jahre. 2020 im zehnten Jahr, in dem alle dazu Beitragenden extra einen Mix f\u00fcr ihr ganz pers\u00f6nliches T\u00fcrchen abliefern. Und ich liebe das wirklich sehr. <\/p>\n<img loading=\"lazy\" decoding=\"async\" src=\"https:\/\/www.kraftfuttermischwerk.de\/blogg\/wp-content\/uploads2\/2020\/11\/Unbenannt-3.jpg\" alt=\"\" width=\"676\" height=\"379\" class=\"alignnone size-full wp-image-164688\" srcset=\"https:\/\/www.kraftfuttermischwerk.de\/blogg\/wp-content\/uploads2\/2020\/11\/Unbenannt-3.jpg 676w, https:\/\/www.kraftfuttermischwerk.de\/blogg\/wp-content\/uploads2\/2020\/11\/Unbenannt-3-300x168.jpg 300w, https:\/\/www.kraftfuttermischwerk.de\/blogg\/wp-content\/uploads2\/2020\/11\/Unbenannt-3-600x336.jpg 600w\" sizes=\"auto, (max-width: 676px) 100vw, 676px\" \/>\n<p>Ich hatte \u00fcber die Jahre \u00f6fter mal Bock, das einzustampfen, weil das halt schon auch nicht wenig zeitintensiv ist und Arbeit macht. Aber jedes Jahr aufs Neue dachte ich dann so; <em>&#8222;Lass nochmal machen, Digger! Ist doch auch ganz geil und auf seine Weise was ganz Besonderes, so am Ende eines Jahres. Und all diese mitunter gro\u00dfartigen Mixe w\u00fcrde es ohne deinen Kalender halt vielleicht gar nicht geben. Mach&#8216; mal noch einen. Komm schon!&#8220;<\/em><\/p>\n<p>Und hier, 2020, sind wir im 10. Jahr dessen. <\/p>\n<p>Mittlerweile mache ich das nicht mehr allein. Rudi hilft, wo er kann. Und so sammeln wir allj\u00e4hrlich Mixe f\u00fcr diesen f\u00fcr uns ganz besonderen Kalender zusammen. <\/p>\n<p>Wir dachten in diesem halben Sommer noch, wir m\u00fcssten jetzt was &#8222;ganz Gro\u00dfes&#8220; daraus machen und haben die &#8222;ganz Gro\u00dfen&#8220; angefragt. Die, die diesen Kalender eben nicht zu dem gemacht haben, was er heute ist. Liebhabermusik f\u00fcr echte Liebhaber, die viele von euch da drau\u00dfen ja zu sein scheinen. Es meldete sich von den &#8222;Gro\u00dfen&#8220; so ziemlich genau keiner zur\u00fcck. Weil die Promo, die die sich hiervon erwarten w\u00fcrden, denen halt nicht reichen w\u00fcrde. Die Agentur von Sven V\u00e4th immerhin hat freundlich abgesagt. Viele andere nicht mal reagiert. <\/p>\n<p>Und dann dachten Rudi und ich so; <em>&#8222;Ist ja auch bescheuert, die Gro\u00dfkopferten zu fragen! Die habe diesen Kalender ja eh nie zu dem gemacht, was die Leute, also ihr(!), daran lieben. Lass doch die T\u00fcren denen, die den Kalender zu dem gemacht haben, was er nach all den Jahren f\u00fcr die ist, die ihn machen, die ihn lieben.&#8220;<\/em> Weil ohne die g\u00e4be es den Kalendar gar nicht. Und so wird das in diesem Jahr mal wieder eine echte Liebhabersache f\u00fcr Liebhaber. <\/p>\n<p>In den letzten Jahren wurde ich immer wieder gefragt, wie man sich da drau\u00dfen irgendwie per Paypal oder so beteiligen k\u00f6nnte, um den Account am Leben zu halten. Weil der kostet halt. Und wir zahlen den eh. Aber: wer dennoch was geben mag und geben kann, kann das nat\u00fcrlich gerne tun. <strong><a href=\"http:\/\/paypal.me\/pools\/c\/8uuHgxQFvO\">Hier per Paypal<\/a><\/strong>.  Und wenn nicht, bekommt Ihr halt trotzdem  ab dem 01.12.2020 jeden Tag einen extra f\u00fcr diesen Kalender gemachten Mix auf eure Ohren. Von den guten Leuten. <3  \n\n\n\n<form action=\"https:\/\/www.paypal.com\/cgi-bin\/webscr\" method=\"post\" target=\"_top\">\n<input type=\"hidden\" name=\"cmd\" value=\"_s-xclick\" \/><br \/>\n<input type=\"hidden\" name=\"hosted_button_id\" value=\"5ATDRBHGUXCF2\" \/><br \/>\n<input type=\"image\" src=\"https:\/\/www.paypalobjects.com\/de_DE\/DE\/i\/btn\/btn_donateCC_LG.gif\" border=\"0\" name=\"submit\" title=\"PayPal - The safer, easier way to pay online!\" alt=\"Donate with PayPal button\" \/><br \/>\n<img loading=\"lazy\" decoding=\"async\" alt=\"\" border=\"0\" src=\"https:\/\/www.paypal.com\/de_DE\/i\/scr\/pixel.gif\" width=\"1\" height=\"1\" \/><br \/>\n<\/form>\n","protected":false},"excerpt":{"rendered":"<p>Liebe Freunde der akustischen Unterhaltungselektronik, als im Herbst 2010 damit anfing, einen musikalischen Adventskalender zusammenzutragen, h\u00e4tte ich jeden (h\u00e4misch) ausgelacht, der mir gesagt h\u00e4tte, dass&#8230;<\/p>\n<div class=\"more-link-wrapper\"><a class=\"more-link\" href=\"https:\/\/www.kraftfuttermischwerk.de\/blogg\/10-jahre-der-das-kfmw-adventskalender-und-der-obligatorische-digitale-klingelbeutel-dazu\/\">Mehr lesen -&gt;<span class=\"screen-reader-text\">10 Jahre der das KFMW Adventskalender &#8211; und der obligatorische, digitale Klingelbeutel dazu<\/span><\/a><\/div>\n","protected":false},"author":1,"featured_media":164688,"comment_status":"open","ping_status":"open","sticky":false,"template":"","format":"standard","meta":{"jetpack_post_was_ever_published":false,"_jetpack_newsletter_access":"","_jetpack_dont_email_post_to_subs":false,"_jetpack_newsletter_tier_id":0,"_jetpack_memberships_contains_paywalled_content":false,"_jetpack_memberships_contains_paid_content":false,"footnotes":""},"categories":[23,5],"tags":[4357,8276],"class_list":["post-164682","post","type-post","status-publish","format-standard","has-post-thumbnail","hentry","category-adventskalender","category-musik","tag-adventskalender","tag-ak2020","entry"],"jetpack_featured_media_url":"https:\/\/www.kraftfuttermischwerk.de\/blogg\/wp-content\/uploads2\/2020\/11\/Unbenannt-3.jpg","jetpack_shortlink":"https:\/\/wp.me\/pXEnA-GQa","jetpack-related-posts":[],"jetpack_sharing_enabled":true,"_links":{"self":[{"href":"https:\/\/www.kraftfuttermischwerk.de\/blogg\/wp-json\/wp\/v2\/posts\/164682","targetHints":{"allow":["GET"]}}],"collection":[{"href":"https:\/\/www.kraftfuttermischwerk.de\/blogg\/wp-json\/wp\/v2\/posts"}],"about":[{"href":"https:\/\/www.kraftfuttermischwerk.de\/blogg\/wp-json\/wp\/v2\/types\/post"}],"author":[{"embeddable":true,"href":"https:\/\/www.kraftfuttermischwerk.de\/blogg\/wp-json\/wp\/v2\/users\/1"}],"replies":[{"embeddable":true,"href":"https:\/\/www.kraftfuttermischwerk.de\/blogg\/wp-json\/wp\/v2\/comments?post=164682"}],"version-history":[{"count":5,"href":"https:\/\/www.kraftfuttermischwerk.de\/blogg\/wp-json\/wp\/v2\/posts\/164682\/revisions"}],"predecessor-version":[{"id":164689,"href":"https:\/\/www.kraftfuttermischwerk.de\/blogg\/wp-json\/wp\/v2\/posts\/164682\/revisions\/164689"}],"wp:featuredmedia":[{"embeddable":true,"href":"https:\/\/www.kraftfuttermischwerk.de\/blogg\/wp-json\/wp\/v2\/media\/164688"}],"wp:attachment":[{"href":"https:\/\/www.kraftfuttermischwerk.de\/blogg\/wp-json\/wp\/v2\/media?parent=164682"}],"wp:term":[{"taxonomy":"category","embeddable":true,"href":"https:\/\/www.kraftfuttermischwerk.de\/blogg\/wp-json\/wp\/v2\/categories?post=164682"},{"taxonomy":"post_tag","embeddable":true,"href":"https:\/\/www.kraftfuttermischwerk.de\/blogg\/wp-json\/wp\/v2\/tags?post=164682"}],"curies":[{"name":"wp","href":"https:\/\/api.w.org\/{rel}","templated":true}]}}