{"id":165082,"date":"2020-12-04T09:49:25","date_gmt":"2020-12-04T08:49:25","guid":{"rendered":"https:\/\/www.kraftfuttermischwerk.de\/blogg\/?p=165082"},"modified":"2020-12-04T09:49:25","modified_gmt":"2020-12-04T08:49:25","slug":"das-zweitgroesste-radioteleskop-der-welt-ist-zusammengebrochen","status":"publish","type":"post","link":"https:\/\/www.kraftfuttermischwerk.de\/blogg\/das-zweitgroesste-radioteleskop-der-welt-ist-zusammengebrochen\/","title":{"rendered":"Das zweitgr\u00f6\u00dfte Radioteleskop der Welt ist zusammengebrochen"},"content":{"rendered":"<p>Bei Arecibo in Puerto Rico hing bis vor drei Tagen das <a href=\"https:\/\/de.wikipedia.org\/wiki\/Arecibo-Observatorium\">zweitgr\u00f6\u00dfte Radioteleskop<\/a> der Welt mit seinen 900 Tonnen an einer Stahlseilkonstruktion. Diese wurde den Anforderungen des Gewichtes offenbar nicht mehr gerecht, denn sie ist in sich zusammengebrochen. <\/p>\n<blockquote><p>Am 20. August und 6. November 2020 besch\u00e4digten gerissene Stahlseile der Plattformaufh\u00e4ngung den Teleskopreflektor schwer. Nach dem ersten Seilriss wurde noch eine Reparatur angestrebt. Die Festigkeitsanalyse ergab jedoch eine f\u00fcr Reparaturarbeiten zu hohe Gefahr des Weiterrei\u00dfens. Die National Science Foundation beschloss daher die Stilllegung des gro\u00dfen Teleskops. Am 1. Dezember 2020 versagten weitere Seile und die 900 Tonnen schwere Instrumentenplattform st\u00fcrzte 137 Meter in die Tiefe auf die Reflektorschale, was zur v\u00f6lligen Zerst\u00f6rung des Teleskops f\u00fchrte. <\/p><\/blockquote>\n<p><span class=\"embed-youtube\" style=\"text-align:center; display: block;\"><iframe loading=\"lazy\" class=\"youtube-player\" width=\"640\" height=\"360\" src=\"https:\/\/www.youtube.com\/embed\/ssHkMWcGat4?version=3&#038;rel=1&#038;showsearch=0&#038;showinfo=1&#038;iv_load_policy=1&#038;fs=1&#038;hl=de-DE&#038;autohide=2&#038;wmode=transparent\" allowfullscreen=\"true\" style=\"border:0;\" sandbox=\"allow-scripts allow-same-origin allow-popups allow-presentation allow-popups-to-escape-sandbox\"><\/iframe><\/span><br \/>\n<small>(<a href=\"https:\/\/youtu.be\/ssHkMWcGat4\">Direktlink<\/a>)<\/small><\/p>\n","protected":false},"excerpt":{"rendered":"<p>Bei Arecibo in Puerto Rico hing bis vor drei Tagen das zweitgr\u00f6\u00dfte Radioteleskop der Welt mit seinen 900 Tonnen an einer Stahlseilkonstruktion. Diese wurde den&#8230;<\/p>\n<div class=\"more-link-wrapper\"><a class=\"more-link\" href=\"https:\/\/www.kraftfuttermischwerk.de\/blogg\/das-zweitgroesste-radioteleskop-der-welt-ist-zusammengebrochen\/\">Mehr lesen -&gt;<span class=\"screen-reader-text\">Das zweitgr\u00f6\u00dfte Radioteleskop der Welt ist zusammengebrochen<\/span><\/a><\/div>\n","protected":false},"author":1,"featured_media":165083,"comment_status":"open","ping_status":"open","sticky":false,"template":"","format":"standard","meta":{"jetpack_post_was_ever_published":false,"_jetpack_newsletter_access":"","_jetpack_dont_email_post_to_subs":false,"_jetpack_newsletter_tier_id":0,"_jetpack_memberships_contains_paywalled_content":false,"_jetpack_memberships_contains_paid_content":false,"footnotes":""},"categories":[1],"tags":[8310,1475,282],"class_list":["post-165082","post","type-post","status-publish","format-standard","has-post-thumbnail","hentry","category-nur-mal-so","tag-arecibo","tag-science","tag-space","entry"],"jetpack_featured_media_url":"https:\/\/www.kraftfuttermischwerk.de\/blogg\/wp-content\/uploads2\/2020\/12\/Bildschirmfoto-2020-12-04-um-09.49.02.jpg","jetpack_shortlink":"https:\/\/wp.me\/pXEnA-GWC","jetpack-related-posts":[],"jetpack_sharing_enabled":true,"_links":{"self":[{"href":"https:\/\/www.kraftfuttermischwerk.de\/blogg\/wp-json\/wp\/v2\/posts\/165082","targetHints":{"allow":["GET"]}}],"collection":[{"href":"https:\/\/www.kraftfuttermischwerk.de\/blogg\/wp-json\/wp\/v2\/posts"}],"about":[{"href":"https:\/\/www.kraftfuttermischwerk.de\/blogg\/wp-json\/wp\/v2\/types\/post"}],"author":[{"embeddable":true,"href":"https:\/\/www.kraftfuttermischwerk.de\/blogg\/wp-json\/wp\/v2\/users\/1"}],"replies":[{"embeddable":true,"href":"https:\/\/www.kraftfuttermischwerk.de\/blogg\/wp-json\/wp\/v2\/comments?post=165082"}],"version-history":[{"count":2,"href":"https:\/\/www.kraftfuttermischwerk.de\/blogg\/wp-json\/wp\/v2\/posts\/165082\/revisions"}],"predecessor-version":[{"id":165085,"href":"https:\/\/www.kraftfuttermischwerk.de\/blogg\/wp-json\/wp\/v2\/posts\/165082\/revisions\/165085"}],"wp:featuredmedia":[{"embeddable":true,"href":"https:\/\/www.kraftfuttermischwerk.de\/blogg\/wp-json\/wp\/v2\/media\/165083"}],"wp:attachment":[{"href":"https:\/\/www.kraftfuttermischwerk.de\/blogg\/wp-json\/wp\/v2\/media?parent=165082"}],"wp:term":[{"taxonomy":"category","embeddable":true,"href":"https:\/\/www.kraftfuttermischwerk.de\/blogg\/wp-json\/wp\/v2\/categories?post=165082"},{"taxonomy":"post_tag","embeddable":true,"href":"https:\/\/www.kraftfuttermischwerk.de\/blogg\/wp-json\/wp\/v2\/tags?post=165082"}],"curies":[{"name":"wp","href":"https:\/\/api.w.org\/{rel}","templated":true}]}}