{"id":165184,"date":"2020-12-07T20:52:26","date_gmt":"2020-12-07T19:52:26","guid":{"rendered":"https:\/\/www.kraftfuttermischwerk.de\/blogg\/?p=165184"},"modified":"2020-12-07T21:01:48","modified_gmt":"2020-12-07T20:01:48","slug":"ikea-stellt-seinen-katalog-ein","status":"publish","type":"post","link":"https:\/\/www.kraftfuttermischwerk.de\/blogg\/ikea-stellt-seinen-katalog-ein\/","title":{"rendered":"IKEA stellt seinen Katalog ein"},"content":{"rendered":"<p>Seit 70 Jahren allj\u00e4hrlich f\u00fcr einige ein Highlight des Jahres: der IKEA-Katalog, der zeitweise eine der weltweit auflagenst\u00e4rksten Publikationen war, <a href=\"https:\/\/www.spiegel.de\/wirtschaft\/unternehmen\/ikea-stellt-seinen-katalog-ein-nach-70-jahren-a-ed18b8c6-96fa-49a8-bb98-837ecb3f478c\">wird eingestellt<\/a>. Der aktuelle soll der letzte sein. Bei IKEA mag man zuk\u00fcnftig eher digitale Wege der Vermarktung seiner Produkte gehen.<\/p>\n<blockquote><p>Aus diesem Grund habe das Unternehmen entschieden, \u00bbdie erfolgreiche Karriere des Ikea Katalogs zu beenden und ein neues Kapitel aufzuschlagen\u00ab, hie\u00df es weiter. Dazu geh\u00f6rten die \u00bbSt\u00e4rkung digitaler Kan\u00e4le und neue Wege der Kundenkommunikation\u00ab.<\/p><\/blockquote>\n<p>2020 liefert also weiterhin zuverl\u00e4ssig, aber immerhin hat man beim IKEA-Museum in diesem Jahr s\u00e4mtliche jemals gedruckten Kataloge <a href=\"https:\/\/ikeamuseum.com\/sv\/ikea-kataloger\/\">online gestellt<\/a> &#8211; und das ist ja auch was.<\/p>\n<a href=\"https:\/\/ikeamuseum.com\/sv\/ikea-kataloger\/\"><img loading=\"lazy\" decoding=\"async\" src=\"https:\/\/www.kraftfuttermischwerk.de\/blogg\/wp-content\/uploads2\/2020\/12\/Bildschirmfoto-2020-12-07-um-20.47.14.jpg\" alt=\"\" width=\"2510\" height=\"1344\" class=\"alignleft size-full wp-image-165185\" srcset=\"https:\/\/www.kraftfuttermischwerk.de\/blogg\/wp-content\/uploads2\/2020\/12\/Bildschirmfoto-2020-12-07-um-20.47.14.jpg 2510w, https:\/\/www.kraftfuttermischwerk.de\/blogg\/wp-content\/uploads2\/2020\/12\/Bildschirmfoto-2020-12-07-um-20.47.14-300x161.jpg 300w, https:\/\/www.kraftfuttermischwerk.de\/blogg\/wp-content\/uploads2\/2020\/12\/Bildschirmfoto-2020-12-07-um-20.47.14-600x321.jpg 600w, https:\/\/www.kraftfuttermischwerk.de\/blogg\/wp-content\/uploads2\/2020\/12\/Bildschirmfoto-2020-12-07-um-20.47.14-768x411.jpg 768w, https:\/\/www.kraftfuttermischwerk.de\/blogg\/wp-content\/uploads2\/2020\/12\/Bildschirmfoto-2020-12-07-um-20.47.14-1536x822.jpg 1536w, https:\/\/www.kraftfuttermischwerk.de\/blogg\/wp-content\/uploads2\/2020\/12\/Bildschirmfoto-2020-12-07-um-20.47.14-2048x1097.jpg 2048w\" sizes=\"auto, (max-width: 2510px) 100vw, 2510px\" \/><\/a>\n","protected":false},"excerpt":{"rendered":"<p>Seit 70 Jahren allj\u00e4hrlich f\u00fcr einige ein Highlight des Jahres: der IKEA-Katalog, der zeitweise eine der weltweit auflagenst\u00e4rksten Publikationen war, wird eingestellt. Der aktuelle soll&#8230;<\/p>\n<div class=\"more-link-wrapper\"><a class=\"more-link\" href=\"https:\/\/www.kraftfuttermischwerk.de\/blogg\/ikea-stellt-seinen-katalog-ein\/\">Mehr lesen -&gt;<span class=\"screen-reader-text\">IKEA stellt seinen Katalog ein<\/span><\/a><\/div>\n","protected":false},"author":1,"featured_media":165185,"comment_status":"open","ping_status":"open","sticky":false,"template":"","format":"standard","meta":{"jetpack_post_was_ever_published":false,"_jetpack_newsletter_access":"","_jetpack_dont_email_post_to_subs":false,"_jetpack_newsletter_tier_id":0,"_jetpack_memberships_contains_paywalled_content":false,"_jetpack_memberships_contains_paid_content":false,"footnotes":""},"categories":[1],"tags":[8026,352,729],"class_list":["post-165184","post","type-post","status-publish","format-standard","has-post-thumbnail","hentry","category-nur-mal-so","tag-8026","tag-ikea","tag-print","entry"],"jetpack_featured_media_url":"https:\/\/www.kraftfuttermischwerk.de\/blogg\/wp-content\/uploads2\/2020\/12\/Bildschirmfoto-2020-12-07-um-20.47.14.jpg","jetpack_shortlink":"https:\/\/wp.me\/pXEnA-GYg","jetpack-related-posts":[],"jetpack_sharing_enabled":true,"_links":{"self":[{"href":"https:\/\/www.kraftfuttermischwerk.de\/blogg\/wp-json\/wp\/v2\/posts\/165184","targetHints":{"allow":["GET"]}}],"collection":[{"href":"https:\/\/www.kraftfuttermischwerk.de\/blogg\/wp-json\/wp\/v2\/posts"}],"about":[{"href":"https:\/\/www.kraftfuttermischwerk.de\/blogg\/wp-json\/wp\/v2\/types\/post"}],"author":[{"embeddable":true,"href":"https:\/\/www.kraftfuttermischwerk.de\/blogg\/wp-json\/wp\/v2\/users\/1"}],"replies":[{"embeddable":true,"href":"https:\/\/www.kraftfuttermischwerk.de\/blogg\/wp-json\/wp\/v2\/comments?post=165184"}],"version-history":[{"count":7,"href":"https:\/\/www.kraftfuttermischwerk.de\/blogg\/wp-json\/wp\/v2\/posts\/165184\/revisions"}],"predecessor-version":[{"id":165192,"href":"https:\/\/www.kraftfuttermischwerk.de\/blogg\/wp-json\/wp\/v2\/posts\/165184\/revisions\/165192"}],"wp:featuredmedia":[{"embeddable":true,"href":"https:\/\/www.kraftfuttermischwerk.de\/blogg\/wp-json\/wp\/v2\/media\/165185"}],"wp:attachment":[{"href":"https:\/\/www.kraftfuttermischwerk.de\/blogg\/wp-json\/wp\/v2\/media?parent=165184"}],"wp:term":[{"taxonomy":"category","embeddable":true,"href":"https:\/\/www.kraftfuttermischwerk.de\/blogg\/wp-json\/wp\/v2\/categories?post=165184"},{"taxonomy":"post_tag","embeddable":true,"href":"https:\/\/www.kraftfuttermischwerk.de\/blogg\/wp-json\/wp\/v2\/tags?post=165184"}],"curies":[{"name":"wp","href":"https:\/\/api.w.org\/{rel}","templated":true}]}}