{"id":169434,"date":"2021-04-29T20:53:03","date_gmt":"2021-04-29T18:53:03","guid":{"rendered":"https:\/\/www.kraftfuttermischwerk.de\/blogg\/?p=169434"},"modified":"2021-04-29T20:53:03","modified_gmt":"2021-04-29T18:53:03","slug":"berliner-taxifahrer-faehrt-volksverhetzenden-fahrgast-direkt-zur-polizei","status":"publish","type":"post","link":"https:\/\/www.kraftfuttermischwerk.de\/blogg\/berliner-taxifahrer-faehrt-volksverhetzenden-fahrgast-direkt-zur-polizei\/","title":{"rendered":"Berliner Taxifahrer f\u00e4hrt volksverhetzenden Fahrgast direkt zur Polizei"},"content":{"rendered":"<figure id=\"attachment_169435\" aria-describedby=\"caption-attachment-169435\" style=\"width: 1280px\" class=\"wp-caption alignnone\"><img loading=\"lazy\" decoding=\"async\" src=\"https:\/\/www.kraftfuttermischwerk.de\/blogg\/wp-content\/uploads2\/2021\/04\/automobile-1845650_1280.jpg\" alt=\"\" width=\"1280\" height=\"853\" class=\"size-full wp-image-169435\" srcset=\"https:\/\/www.kraftfuttermischwerk.de\/blogg\/wp-content\/uploads2\/2021\/04\/automobile-1845650_1280.jpg 1280w, https:\/\/www.kraftfuttermischwerk.de\/blogg\/wp-content\/uploads2\/2021\/04\/automobile-1845650_1280-300x200.jpg 300w, https:\/\/www.kraftfuttermischwerk.de\/blogg\/wp-content\/uploads2\/2021\/04\/automobile-1845650_1280-600x400.jpg 600w, https:\/\/www.kraftfuttermischwerk.de\/blogg\/wp-content\/uploads2\/2021\/04\/automobile-1845650_1280-768x512.jpg 768w\" sizes=\"auto, (max-width: 1280px) 100vw, 1280px\" \/><figcaption id=\"caption-attachment-169435\" class=\"wp-caption-text\"><small>(Foto: <a href=\"https:\/\/pixabay.com\/de\/photos\/automobil-verwischen-auto-hautnah-1845650\/\">Pexels<\/a>)<\/small><\/figcaption><\/figure>\n<p>In Berlin Friedrichshain ist ein 41-J\u00e4hriger in das Taxi eines 60-j\u00e4hrigen Fahrers gestiegen und fing w\u00e4hrend der Fahrt an zu p\u00f6beln. Er w\u00fcrde seine Fahrt am Ende nicht zahlen wollen und so wasw. Au\u00dferdem soll er den Taxifahrer mehrfach volksverhetzend beleidigt haben. <\/p>\n<p>Dieser fuhr seinen &#8222;Kunden&#8220; dann einfach mal direkt zur <a href=\"https:\/\/www.gmx.net\/magazine\/regio\/berlin\/taxifahrer-faehrt-volksverhetzenden-fahrgast-polizei-35763676\">n\u00e4chsten Polizei-Filiale<\/a>.<\/p>\n<blockquote><p>Gegen den 41-J\u00e4hrigen laufen nun Ermittlungen wegen des Verdachts des Fahrgeldbetrugs und der Volksverhetzung. <\/p><\/blockquote>\n","protected":false},"excerpt":{"rendered":"<p>In Berlin Friedrichshain ist ein 41-J\u00e4hriger in das Taxi eines 60-j\u00e4hrigen Fahrers gestiegen und fing w\u00e4hrend der Fahrt an zu p\u00f6beln. Er w\u00fcrde seine Fahrt&#8230;<\/p>\n<div class=\"more-link-wrapper\"><a class=\"more-link\" href=\"https:\/\/www.kraftfuttermischwerk.de\/blogg\/berliner-taxifahrer-faehrt-volksverhetzenden-fahrgast-direkt-zur-polizei\/\">Mehr lesen -&gt;<span class=\"screen-reader-text\">Berliner Taxifahrer f\u00e4hrt volksverhetzenden Fahrgast direkt zur Polizei<\/span><\/a><\/div>\n","protected":false},"author":1,"featured_media":169435,"comment_status":"open","ping_status":"open","sticky":false,"template":"","format":"standard","meta":{"jetpack_post_was_ever_published":false,"_jetpack_newsletter_access":"","_jetpack_dont_email_post_to_subs":false,"_jetpack_newsletter_tier_id":0,"_jetpack_memberships_contains_paywalled_content":false,"_jetpack_memberships_contains_paid_content":false,"footnotes":""},"categories":[6],"tags":[82,447,2869],"class_list":["post-169434","post","type-post","status-publish","format-standard","has-post-thumbnail","hentry","category-alltaglicher-sinnwahn","tag-berlin","tag-nazis","tag-taxi","entry"],"jetpack_featured_media_url":"https:\/\/www.kraftfuttermischwerk.de\/blogg\/wp-content\/uploads2\/2021\/04\/automobile-1845650_1280.jpg","jetpack_shortlink":"https:\/\/wp.me\/pXEnA-I4O","jetpack-related-posts":[],"jetpack_sharing_enabled":true,"_links":{"self":[{"href":"https:\/\/www.kraftfuttermischwerk.de\/blogg\/wp-json\/wp\/v2\/posts\/169434","targetHints":{"allow":["GET"]}}],"collection":[{"href":"https:\/\/www.kraftfuttermischwerk.de\/blogg\/wp-json\/wp\/v2\/posts"}],"about":[{"href":"https:\/\/www.kraftfuttermischwerk.de\/blogg\/wp-json\/wp\/v2\/types\/post"}],"author":[{"embeddable":true,"href":"https:\/\/www.kraftfuttermischwerk.de\/blogg\/wp-json\/wp\/v2\/users\/1"}],"replies":[{"embeddable":true,"href":"https:\/\/www.kraftfuttermischwerk.de\/blogg\/wp-json\/wp\/v2\/comments?post=169434"}],"version-history":[{"count":3,"href":"https:\/\/www.kraftfuttermischwerk.de\/blogg\/wp-json\/wp\/v2\/posts\/169434\/revisions"}],"predecessor-version":[{"id":169438,"href":"https:\/\/www.kraftfuttermischwerk.de\/blogg\/wp-json\/wp\/v2\/posts\/169434\/revisions\/169438"}],"wp:featuredmedia":[{"embeddable":true,"href":"https:\/\/www.kraftfuttermischwerk.de\/blogg\/wp-json\/wp\/v2\/media\/169435"}],"wp:attachment":[{"href":"https:\/\/www.kraftfuttermischwerk.de\/blogg\/wp-json\/wp\/v2\/media?parent=169434"}],"wp:term":[{"taxonomy":"category","embeddable":true,"href":"https:\/\/www.kraftfuttermischwerk.de\/blogg\/wp-json\/wp\/v2\/categories?post=169434"},{"taxonomy":"post_tag","embeddable":true,"href":"https:\/\/www.kraftfuttermischwerk.de\/blogg\/wp-json\/wp\/v2\/tags?post=169434"}],"curies":[{"name":"wp","href":"https:\/\/api.w.org\/{rel}","templated":true}]}}