{"id":169453,"date":"2021-04-30T12:54:34","date_gmt":"2021-04-30T10:54:34","guid":{"rendered":"https:\/\/www.kraftfuttermischwerk.de\/blogg\/?p=169453"},"modified":"2021-04-30T12:57:18","modified_gmt":"2021-04-30T10:57:18","slug":"podcast-mensch-erzaehl-doch-mal-02-lilly-ist-die-erste-weibliche-azubi-in-ihrem-handwerksbetrieb","status":"publish","type":"post","link":"https:\/\/www.kraftfuttermischwerk.de\/blogg\/podcast-mensch-erzaehl-doch-mal-02-lilly-ist-die-erste-weibliche-azubi-in-ihrem-handwerksbetrieb\/","title":{"rendered":"Podcast: Mensch, erz\u00e4hl doch mal! #02 &#8211; Lilly ist die erste weibliche Azubi in ihrem Handwerksbetrieb"},"content":{"rendered":"<a href=\"https:\/\/soundcloud.com\/menscherzaehldochmal\/mensch-erzahl-doch-mal-01-darius-paul\"><img loading=\"lazy\" decoding=\"async\" src=\"https:\/\/www.kraftfuttermischwerk.de\/blogg\/wp-content\/uploads2\/2021\/03\/MEDMHeader1.jpg\" alt=\"\" width=\"1742\" height=\"520\" class=\"alignnone size-full wp-image-167920\" srcset=\"https:\/\/www.kraftfuttermischwerk.de\/blogg\/wp-content\/uploads2\/2021\/03\/MEDMHeader1.jpg 1742w, https:\/\/www.kraftfuttermischwerk.de\/blogg\/wp-content\/uploads2\/2021\/03\/MEDMHeader1-300x90.jpg 300w, https:\/\/www.kraftfuttermischwerk.de\/blogg\/wp-content\/uploads2\/2021\/03\/MEDMHeader1-600x179.jpg 600w, https:\/\/www.kraftfuttermischwerk.de\/blogg\/wp-content\/uploads2\/2021\/03\/MEDMHeader1-768x229.jpg 768w, https:\/\/www.kraftfuttermischwerk.de\/blogg\/wp-content\/uploads2\/2021\/03\/MEDMHeader1-1536x459.jpg 1536w\" sizes=\"auto, (max-width: 1742px) 100vw, 1742px\" \/><\/a>\n<p><small><span style=\"background: #f5f4f4;\"><a href=\"https:\/\/www.kraftfuttermischwerk.de\/blogg\/mensch-erzaehl-doch-mal-ein-podcast-von-und-mit-jugendlichen-und-jungen-erwachsenen-fuer-jugendliche-und-junge-erwachsene\/\">Mensch, erz\u00e4hl doch mal!<\/a>, ein Podcast, der Jugendlichen und jungen Erwachsenen eine Stimme geben m\u00f6chte, ohne sie zu belehren. Mensch, erz\u00e4hl doch mal stellt Fragen und l\u00e4sst die Befragten in all der f\u00fcr sie notwendigen Zeit antworten. Damit ihnen zugeh\u00f6rt werden kann, denn gerade im letzten Jahr wurde die Gelegenheit dazu, f\u00fcr sie immer kleiner.<\/a>.<\/span><\/small><\/p>\n<p>Die zweite Folge des Mensch erz\u00e4hl doch Mal! Podcasts &#8211; ein Podcast von und mit Jugendlichen und jungen Erwachsenen \u2013 f\u00fcr Jugendliche und junge Erwachsene. Kai spricht mit Lilly, die eigentlich Abitur machen wollte und nun die erste weibliche Azubi in einem Handwerksbetrieb ist. <\/p>\n<p><iframe loading=\"lazy\" width=\"100%\" height=\"166\" scrolling=\"no\" frameborder=\"no\" allow=\"autoplay\" src=\"https:\/\/w.soundcloud.com\/player\/?url=https%3A\/\/api.soundcloud.com\/tracks\/1039087753&#038;color=%23ff5500&#038;auto_play=false&#038;hide_related=false&#038;show_comments=true&#038;show_user=true&#038;show_reposts=false&#038;show_teaser=true\"><\/iframe><\/p>\n<div style=\"font-size: 10px; color: #cccccc;line-break: anywhere;word-break: normal;overflow: hidden;white-space: nowrap;text-overflow: ellipsis; font-family: Interstate,Lucida Grande,Lucida Sans Unicode,Lucida Sans,Garuda,Verdana,Tahoma,sans-serif;font-weight: 100;\"><a href=\"https:\/\/soundcloud.com\/menscherzaehldochmal\" title=\"Mensch, erz\u00e4hl doch mal!\" target=\"_blank\" style=\"color: #cccccc; text-decoration: none;\" rel=\"noopener\">Mensch, erz\u00e4hl doch mal!<\/a> \u00b7 <a href=\"https:\/\/soundcloud.com\/menscherzaehldochmal\/mensch-erzahl-doch-mal-02-lilly-groeling\" title=\"#02: Lilly ist die erste weibliche Azubi in ihrem Handwerksbetrieb\" target=\"_blank\" style=\"color: #cccccc; text-decoration: none;\" rel=\"noopener\">#02: Lilly ist die erste weibliche Azubi in ihrem Handwerksbetrieb<\/a><\/div>\n<p>\u279c <a href=\"https:\/\/www.kraftfuttermischwerk.de\/blogg\/tag\/medm\/\">Alle Folgen<\/a><br \/>\n\u279c <a href=\"https:\/\/twitter.com\/KaiRemen\">Kai Remen<\/a><br \/>\n\u279c <a href=\"http:\/\/www.stiftung-job.de\">Stiftung JOB<\/a><br \/>\n\u279c <a href=\"https:\/\/anchor.fm\/s\/50cc75e0\/podcast\/rss\">RSS Feed<\/a><\/p>\n","protected":false},"excerpt":{"rendered":"<p>Mensch, erz\u00e4hl doch mal!, ein Podcast, der Jugendlichen und jungen Erwachsenen eine Stimme geben m\u00f6chte, ohne sie zu belehren. Mensch, erz\u00e4hl doch mal stellt Fragen&#8230;<\/p>\n<div class=\"more-link-wrapper\"><a class=\"more-link\" href=\"https:\/\/www.kraftfuttermischwerk.de\/blogg\/podcast-mensch-erzaehl-doch-mal-02-lilly-ist-die-erste-weibliche-azubi-in-ihrem-handwerksbetrieb\/\">Mehr lesen -&gt;<span class=\"screen-reader-text\">Podcast: Mensch, erz\u00e4hl doch mal! #02 &#8211; Lilly ist die erste weibliche Azubi in ihrem Handwerksbetrieb<\/span><\/a><\/div>\n","protected":false},"author":1,"featured_media":169455,"comment_status":"open","ping_status":"open","sticky":false,"template":"","format":"standard","meta":{"jetpack_post_was_ever_published":false,"_jetpack_newsletter_access":"","_jetpack_dont_email_post_to_subs":false,"_jetpack_newsletter_tier_id":0,"_jetpack_memberships_contains_paywalled_content":false,"_jetpack_memberships_contains_paid_content":false,"footnotes":""},"categories":[1],"tags":[8439,8508,923,7048,1155],"class_list":["post-169453","post","type-post","status-publish","format-standard","has-post-thumbnail","hentry","category-nur-mal-so","tag-kai-remen","tag-medm","tag-podcast","tag-social-work","tag-youth","entry"],"jetpack_featured_media_url":"https:\/\/www.kraftfuttermischwerk.de\/blogg\/wp-content\/uploads2\/2021\/04\/Unbenannt-1.jpg","jetpack_shortlink":"https:\/\/wp.me\/pXEnA-I57","jetpack-related-posts":[],"jetpack_sharing_enabled":true,"_links":{"self":[{"href":"https:\/\/www.kraftfuttermischwerk.de\/blogg\/wp-json\/wp\/v2\/posts\/169453","targetHints":{"allow":["GET"]}}],"collection":[{"href":"https:\/\/www.kraftfuttermischwerk.de\/blogg\/wp-json\/wp\/v2\/posts"}],"about":[{"href":"https:\/\/www.kraftfuttermischwerk.de\/blogg\/wp-json\/wp\/v2\/types\/post"}],"author":[{"embeddable":true,"href":"https:\/\/www.kraftfuttermischwerk.de\/blogg\/wp-json\/wp\/v2\/users\/1"}],"replies":[{"embeddable":true,"href":"https:\/\/www.kraftfuttermischwerk.de\/blogg\/wp-json\/wp\/v2\/comments?post=169453"}],"version-history":[{"count":6,"href":"https:\/\/www.kraftfuttermischwerk.de\/blogg\/wp-json\/wp\/v2\/posts\/169453\/revisions"}],"predecessor-version":[{"id":169460,"href":"https:\/\/www.kraftfuttermischwerk.de\/blogg\/wp-json\/wp\/v2\/posts\/169453\/revisions\/169460"}],"wp:featuredmedia":[{"embeddable":true,"href":"https:\/\/www.kraftfuttermischwerk.de\/blogg\/wp-json\/wp\/v2\/media\/169455"}],"wp:attachment":[{"href":"https:\/\/www.kraftfuttermischwerk.de\/blogg\/wp-json\/wp\/v2\/media?parent=169453"}],"wp:term":[{"taxonomy":"category","embeddable":true,"href":"https:\/\/www.kraftfuttermischwerk.de\/blogg\/wp-json\/wp\/v2\/categories?post=169453"},{"taxonomy":"post_tag","embeddable":true,"href":"https:\/\/www.kraftfuttermischwerk.de\/blogg\/wp-json\/wp\/v2\/tags?post=169453"}],"curies":[{"name":"wp","href":"https:\/\/api.w.org\/{rel}","templated":true}]}}