{"id":169525,"date":"2021-05-03T13:54:10","date_gmt":"2021-05-03T11:54:10","guid":{"rendered":"https:\/\/www.kraftfuttermischwerk.de\/blogg\/?p=169525"},"modified":"2021-05-03T13:54:10","modified_gmt":"2021-05-03T11:54:10","slug":"unbekannte-malen-zebrastreifen-auf-fahrbahn","status":"publish","type":"post","link":"https:\/\/www.kraftfuttermischwerk.de\/blogg\/unbekannte-malen-zebrastreifen-auf-fahrbahn\/","title":{"rendered":"Unbekannte malen Zebrastreifen auf Fahrbahn"},"content":{"rendered":"<figure id=\"attachment_169526\" aria-describedby=\"caption-attachment-169526\" style=\"width: 1280px\" class=\"wp-caption alignnone\"><img loading=\"lazy\" decoding=\"async\" src=\"https:\/\/www.kraftfuttermischwerk.de\/blogg\/wp-content\/uploads2\/2021\/05\/crosswalk-3712127_1280.jpg\" alt=\"\" width=\"1280\" height=\"853\" class=\"size-full wp-image-169526\" srcset=\"https:\/\/www.kraftfuttermischwerk.de\/blogg\/wp-content\/uploads2\/2021\/05\/crosswalk-3712127_1280.jpg 1280w, https:\/\/www.kraftfuttermischwerk.de\/blogg\/wp-content\/uploads2\/2021\/05\/crosswalk-3712127_1280-300x200.jpg 300w, https:\/\/www.kraftfuttermischwerk.de\/blogg\/wp-content\/uploads2\/2021\/05\/crosswalk-3712127_1280-600x400.jpg 600w, https:\/\/www.kraftfuttermischwerk.de\/blogg\/wp-content\/uploads2\/2021\/05\/crosswalk-3712127_1280-768x512.jpg 768w\" sizes=\"auto, (max-width: 1280px) 100vw, 1280px\" \/><figcaption id=\"caption-attachment-169526\" class=\"wp-caption-text\"><small>(Symbolfoto: <a href=\"https:\/\/pixabay.com\/de\/photos\/zebrastreifen-fu%C3%9Fg%C3%A4nger-%C3%BCberweg-3712127\/\">Manfred Richter<\/a>)<\/small><\/figcaption><\/figure>\n<p>In Bonerath bei Trier haben Unbekannte am Wochenende einfach mal die Verkehrswende selber in die Hand genommen und mit nicht abwaschbarer Farbe einen Zebrastreifen auf <a href=\"https:\/\/www.zeit.de\/news\/2021-05\/03\/aufgemalter-zebrastreifen-in-bonerath-darf-nicht-bleiben\">eine Stra\u00dfe gemalt<\/a>. <\/p>\n<blockquote><p>In der Nacht zum 1. Mai hatten Unbekannte den Zebrastreifen mit nicht abwaschbarer wei\u00dfer Farbe auf die Stra\u00dfe gemalt. Die Stelle sei als Unfallschwerpunkt nicht bekannt, hatte ein Sprecher der Polizei gesagt. Aber es gebe schon Leute, die auf der dortigen Kreisstra\u00dfe zu schnell unterwegs seien, f\u00fcgte die Ortsb\u00fcrgermeisterin hinzu. <\/p><\/blockquote>\n<p>Die Polizei findet das so sch\u00f6n nicht und ermittelt wegen Sachbesch\u00e4digung. Der selbstgemachte Zebrastreifen kommt wieder weg. <\/p>\n","protected":false},"excerpt":{"rendered":"<p>In Bonerath bei Trier haben Unbekannte am Wochenende einfach mal die Verkehrswende selber in die Hand genommen und mit nicht abwaschbarer Farbe einen Zebrastreifen auf&#8230;<\/p>\n<div class=\"more-link-wrapper\"><a class=\"more-link\" href=\"https:\/\/www.kraftfuttermischwerk.de\/blogg\/unbekannte-malen-zebrastreifen-auf-fahrbahn\/\">Mehr lesen -&gt;<span class=\"screen-reader-text\">Unbekannte malen Zebrastreifen auf Fahrbahn<\/span><\/a><\/div>\n","protected":false},"author":1,"featured_media":169526,"comment_status":"open","ping_status":"open","sticky":false,"template":"","format":"standard","meta":{"jetpack_post_was_ever_published":false,"_jetpack_newsletter_access":"","_jetpack_dont_email_post_to_subs":false,"_jetpack_newsletter_tier_id":0,"_jetpack_memberships_contains_paywalled_content":false,"_jetpack_memberships_contains_paid_content":false,"footnotes":""},"categories":[6],"tags":[8515,198,1099],"class_list":["post-169525","post","type-post","status-publish","format-standard","has-post-thumbnail","hentry","category-alltaglicher-sinnwahn","tag-bonerath","tag-street-art","tag-traffic","entry"],"jetpack_featured_media_url":"https:\/\/www.kraftfuttermischwerk.de\/blogg\/wp-content\/uploads2\/2021\/05\/crosswalk-3712127_1280.jpg","jetpack_shortlink":"https:\/\/wp.me\/pXEnA-I6h","jetpack-related-posts":[],"jetpack_sharing_enabled":true,"_links":{"self":[{"href":"https:\/\/www.kraftfuttermischwerk.de\/blogg\/wp-json\/wp\/v2\/posts\/169525","targetHints":{"allow":["GET"]}}],"collection":[{"href":"https:\/\/www.kraftfuttermischwerk.de\/blogg\/wp-json\/wp\/v2\/posts"}],"about":[{"href":"https:\/\/www.kraftfuttermischwerk.de\/blogg\/wp-json\/wp\/v2\/types\/post"}],"author":[{"embeddable":true,"href":"https:\/\/www.kraftfuttermischwerk.de\/blogg\/wp-json\/wp\/v2\/users\/1"}],"replies":[{"embeddable":true,"href":"https:\/\/www.kraftfuttermischwerk.de\/blogg\/wp-json\/wp\/v2\/comments?post=169525"}],"version-history":[{"count":2,"href":"https:\/\/www.kraftfuttermischwerk.de\/blogg\/wp-json\/wp\/v2\/posts\/169525\/revisions"}],"predecessor-version":[{"id":169528,"href":"https:\/\/www.kraftfuttermischwerk.de\/blogg\/wp-json\/wp\/v2\/posts\/169525\/revisions\/169528"}],"wp:featuredmedia":[{"embeddable":true,"href":"https:\/\/www.kraftfuttermischwerk.de\/blogg\/wp-json\/wp\/v2\/media\/169526"}],"wp:attachment":[{"href":"https:\/\/www.kraftfuttermischwerk.de\/blogg\/wp-json\/wp\/v2\/media?parent=169525"}],"wp:term":[{"taxonomy":"category","embeddable":true,"href":"https:\/\/www.kraftfuttermischwerk.de\/blogg\/wp-json\/wp\/v2\/categories?post=169525"},{"taxonomy":"post_tag","embeddable":true,"href":"https:\/\/www.kraftfuttermischwerk.de\/blogg\/wp-json\/wp\/v2\/tags?post=169525"}],"curies":[{"name":"wp","href":"https:\/\/api.w.org\/{rel}","templated":true}]}}