{"id":170593,"date":"2021-06-20T13:35:19","date_gmt":"2021-06-20T11:35:19","guid":{"rendered":"https:\/\/www.kraftfuttermischwerk.de\/blogg\/?p=170593"},"modified":"2021-06-20T13:35:19","modified_gmt":"2021-06-20T11:35:19","slug":"radfahrer-faehrt-auf-autobahn-richtung-polen","status":"publish","type":"post","link":"https:\/\/www.kraftfuttermischwerk.de\/blogg\/radfahrer-faehrt-auf-autobahn-richtung-polen\/","title":{"rendered":"Radfahrer f\u00e4hrt auf Autobahn Richtung Polen"},"content":{"rendered":"<figure id=\"attachment_170594\" aria-describedby=\"caption-attachment-170594\" style=\"width: 640px\" class=\"wp-caption alignnone\"><img loading=\"lazy\" decoding=\"async\" src=\"https:\/\/www.kraftfuttermischwerk.de\/blogg\/wp-content\/uploads2\/2021\/06\/silhouette-683751_640.jpg\" alt=\"\" width=\"640\" height=\"360\" class=\"size-full wp-image-170594\" srcset=\"https:\/\/www.kraftfuttermischwerk.de\/blogg\/wp-content\/uploads2\/2021\/06\/silhouette-683751_640.jpg 640w, https:\/\/www.kraftfuttermischwerk.de\/blogg\/wp-content\/uploads2\/2021\/06\/silhouette-683751_640-300x169.jpg 300w, https:\/\/www.kraftfuttermischwerk.de\/blogg\/wp-content\/uploads2\/2021\/06\/silhouette-683751_640-600x338.jpg 600w\" sizes=\"auto, (max-width: 640px) 100vw, 640px\" \/><figcaption id=\"caption-attachment-170594\" class=\"wp-caption-text\"><small>(Symbolfoto: <a href=\"https:\/\/pixabay.com\/de\/photos\/silhouette-fahrrad-fitness-frau-683751\/\">renategranade0<\/a>)<\/small><br \/><\/figcaption><\/figure>\n<p><a href=\"https:\/\/www.maz-online.de\/Nachrichten\/Panorama\/Radfahrer-auf-Autobahn-Standstreifen-nach-Polen-unterwegs\">Derweil in Brandenburg<\/a>: ein Radfahrer wurde auf dem Standstreifen der A20 mit seinem Rad gesichtet. Er fuhr Richtung Stettin und gab an, keinen besseren Weg dorthin zu kennen. <\/p>\n<blockquote><p>Nach eindringlicher Belehrung entlie\u00dfen die Beamten den 44-J\u00e4hrigen in die Obhut des Busfahrers. Er hatte sich bereiterkl\u00e4rt, den Mann samt Rad bis zur n\u00e4chsten Anschlussstelle mitzunehmen. Von dort sollte die Radtour \u00fcber Bundes- und Landstra\u00dfen weitergehen.<\/p><\/blockquote>\n","protected":false},"excerpt":{"rendered":"<p>Derweil in Brandenburg: ein Radfahrer wurde auf dem Standstreifen der A20 mit seinem Rad gesichtet. Er fuhr Richtung Stettin und gab an, keinen besseren Weg&#8230;<\/p>\n<div class=\"more-link-wrapper\"><a class=\"more-link\" href=\"https:\/\/www.kraftfuttermischwerk.de\/blogg\/radfahrer-faehrt-auf-autobahn-richtung-polen\/\">Mehr lesen -&gt;<span class=\"screen-reader-text\">Radfahrer f\u00e4hrt auf Autobahn Richtung Polen<\/span><\/a><\/div>\n","protected":false},"author":1,"featured_media":170594,"comment_status":"open","ping_status":"open","sticky":false,"template":"","format":"standard","meta":{"jetpack_post_was_ever_published":false,"_jetpack_newsletter_access":"","_jetpack_dont_email_post_to_subs":false,"_jetpack_newsletter_tier_id":0,"_jetpack_memberships_contains_paywalled_content":false,"_jetpack_memberships_contains_paid_content":false,"footnotes":""},"categories":[1],"tags":[2955],"class_list":["post-170593","post","type-post","status-publish","format-standard","has-post-thumbnail","hentry","category-nur-mal-so","tag-bicycle","entry"],"jetpack_featured_media_url":"https:\/\/www.kraftfuttermischwerk.de\/blogg\/wp-content\/uploads2\/2021\/06\/silhouette-683751_640.jpg","jetpack_shortlink":"https:\/\/wp.me\/pXEnA-Inv","jetpack-related-posts":[],"jetpack_sharing_enabled":true,"_links":{"self":[{"href":"https:\/\/www.kraftfuttermischwerk.de\/blogg\/wp-json\/wp\/v2\/posts\/170593","targetHints":{"allow":["GET"]}}],"collection":[{"href":"https:\/\/www.kraftfuttermischwerk.de\/blogg\/wp-json\/wp\/v2\/posts"}],"about":[{"href":"https:\/\/www.kraftfuttermischwerk.de\/blogg\/wp-json\/wp\/v2\/types\/post"}],"author":[{"embeddable":true,"href":"https:\/\/www.kraftfuttermischwerk.de\/blogg\/wp-json\/wp\/v2\/users\/1"}],"replies":[{"embeddable":true,"href":"https:\/\/www.kraftfuttermischwerk.de\/blogg\/wp-json\/wp\/v2\/comments?post=170593"}],"version-history":[{"count":2,"href":"https:\/\/www.kraftfuttermischwerk.de\/blogg\/wp-json\/wp\/v2\/posts\/170593\/revisions"}],"predecessor-version":[{"id":170596,"href":"https:\/\/www.kraftfuttermischwerk.de\/blogg\/wp-json\/wp\/v2\/posts\/170593\/revisions\/170596"}],"wp:featuredmedia":[{"embeddable":true,"href":"https:\/\/www.kraftfuttermischwerk.de\/blogg\/wp-json\/wp\/v2\/media\/170594"}],"wp:attachment":[{"href":"https:\/\/www.kraftfuttermischwerk.de\/blogg\/wp-json\/wp\/v2\/media?parent=170593"}],"wp:term":[{"taxonomy":"category","embeddable":true,"href":"https:\/\/www.kraftfuttermischwerk.de\/blogg\/wp-json\/wp\/v2\/categories?post=170593"},{"taxonomy":"post_tag","embeddable":true,"href":"https:\/\/www.kraftfuttermischwerk.de\/blogg\/wp-json\/wp\/v2\/tags?post=170593"}],"curies":[{"name":"wp","href":"https:\/\/api.w.org\/{rel}","templated":true}]}}