{"id":17068,"date":"2010-08-25T23:20:26","date_gmt":"2010-08-25T21:20:26","guid":{"rendered":"http:\/\/www.kraftfuttermischwerk.de\/blogg\/?p=17068"},"modified":"2010-08-25T23:20:26","modified_gmt":"2010-08-25T21:20:26","slug":"doku-jetzt-bin-ich-mal-turke-eine-woche-auslander-auf-probe","status":"publish","type":"post","link":"https:\/\/www.kraftfuttermischwerk.de\/blogg\/doku-jetzt-bin-ich-mal-turke-eine-woche-auslander-auf-probe\/","title":{"rendered":"Doku: Jetzt bin ich mal T\u00fcrke &#8211; Eine Woche Ausl\u00e4nder auf Probe"},"content":{"rendered":"<p>Die Aktion, initiiert von der EU, ist sicher nicht die schlechteste Methode Beamte, die t\u00e4glich Entscheidungen \u00fcber das Leben von anderen treffen, ein besseres Ma\u00df an Sensibilit\u00e4t und Einf\u00fchlungsverm\u00f6gen nahezubringen. Das k\u00f6nnte man dann gleich mal ausweiten oder gar als Weiterbildung reindr\u00fccken. <\/p>\n<blockquote><p>Sie arbeiten in verantwortungsvollen Positionen in Ministerien, als Sozialarbeiter oder als Leiter einer Polizeibeh\u00f6rde, in verschiedenen europ\u00e4ischen L\u00e4ndern wie Deutschland, Italien, Polen, Norwegen, Malta. Aber ab dem Moment, in dem sie im holl\u00e4ndischen Tilburg ankommen, ist ihr Status nichts mehr wert&#8230; Sechs Tage begeben sich 15 Teilnehmer des bislang einzigartigen Workshops &#8222;Die andere Seite der Medaille&#8220;, in die Position derer, \u00fcber die sie tagt\u00e4glich entscheiden, f\u00fcr die sie Gesetze entwerfen, die sie zu Integrationskursen schicken: Migranten.<\/p><\/blockquote>\n<p><object width=\"505\" height=\"308\"><param name=\"movie\" value=\"http:\/\/www.youtube.com\/p\/557D89C2FD78176D?hl=de_DE&#038;fs=1\"><\/param><param name=\"allowFullScreen\" value=\"true\"><\/param><param name=\"allowscriptaccess\" value=\"always\"><\/param><\/object><br \/>\n<small>(<a href=\"http:\/\/www.youtube.com\/view_play_list?p=557D89C2FD78176D\">Direktplaylist<\/a>)<\/small><\/p>\n","protected":false},"excerpt":{"rendered":"<p>Die Aktion, initiiert von der EU, ist sicher nicht die schlechteste Methode Beamte, die t\u00e4glich Entscheidungen \u00fcber das Leben von anderen treffen, ein besseres Ma\u00df&#8230;<\/p>\n<div class=\"more-link-wrapper\"><a class=\"more-link\" href=\"https:\/\/www.kraftfuttermischwerk.de\/blogg\/doku-jetzt-bin-ich-mal-turke-eine-woche-auslander-auf-probe\/\">Mehr lesen -&gt;<span class=\"screen-reader-text\">Doku: Jetzt bin ich mal T\u00fcrke &#8211; Eine Woche Ausl\u00e4nder auf Probe<\/span><\/a><\/div>\n","protected":false},"author":1,"featured_media":0,"comment_status":"open","ping_status":"open","sticky":false,"template":"","format":"standard","meta":{"jetpack_post_was_ever_published":false,"_jetpack_newsletter_access":"","_jetpack_dont_email_post_to_subs":false,"_jetpack_newsletter_tier_id":0,"_jetpack_memberships_contains_paywalled_content":false,"_jetpack_memberships_contains_paid_content":false,"footnotes":""},"categories":[19],"tags":[],"class_list":["post-17068","post","type-post","status-publish","format-standard","hentry","category-doku","entry"],"jetpack_featured_media_url":"","jetpack_shortlink":"https:\/\/wp.me\/pXEnA-4ri","jetpack-related-posts":[],"jetpack_sharing_enabled":true,"_links":{"self":[{"href":"https:\/\/www.kraftfuttermischwerk.de\/blogg\/wp-json\/wp\/v2\/posts\/17068","targetHints":{"allow":["GET"]}}],"collection":[{"href":"https:\/\/www.kraftfuttermischwerk.de\/blogg\/wp-json\/wp\/v2\/posts"}],"about":[{"href":"https:\/\/www.kraftfuttermischwerk.de\/blogg\/wp-json\/wp\/v2\/types\/post"}],"author":[{"embeddable":true,"href":"https:\/\/www.kraftfuttermischwerk.de\/blogg\/wp-json\/wp\/v2\/users\/1"}],"replies":[{"embeddable":true,"href":"https:\/\/www.kraftfuttermischwerk.de\/blogg\/wp-json\/wp\/v2\/comments?post=17068"}],"version-history":[{"count":0,"href":"https:\/\/www.kraftfuttermischwerk.de\/blogg\/wp-json\/wp\/v2\/posts\/17068\/revisions"}],"wp:attachment":[{"href":"https:\/\/www.kraftfuttermischwerk.de\/blogg\/wp-json\/wp\/v2\/media?parent=17068"}],"wp:term":[{"taxonomy":"category","embeddable":true,"href":"https:\/\/www.kraftfuttermischwerk.de\/blogg\/wp-json\/wp\/v2\/categories?post=17068"},{"taxonomy":"post_tag","embeddable":true,"href":"https:\/\/www.kraftfuttermischwerk.de\/blogg\/wp-json\/wp\/v2\/tags?post=17068"}],"curies":[{"name":"wp","href":"https:\/\/api.w.org\/{rel}","templated":true}]}}