{"id":170782,"date":"2021-06-25T14:08:36","date_gmt":"2021-06-25T12:08:36","guid":{"rendered":"https:\/\/www.kraftfuttermischwerk.de\/blogg\/?p=170782"},"modified":"2021-06-25T14:08:36","modified_gmt":"2021-06-25T12:08:36","slug":"schwerer-tornado-wuetet-in-tschechien","status":"publish","type":"post","link":"https:\/\/www.kraftfuttermischwerk.de\/blogg\/schwerer-tornado-wuetet-in-tschechien\/","title":{"rendered":"Schwerer Tornado w\u00fctet in Tschechien"},"content":{"rendered":"<p>\u00dcber Tscheschien ist gestern Nachmittag <a href=\"https:\/\/www.tagesschau.de\/ausland\/europa\/tschechien-tornado-tote-verletzte-101.html\">ein schwerer Tornado<\/a> hinweggezogen und hat eine Schneise der Verw\u00fcstung hinterlassen. Ich wei\u00df gar nicht, ob ich derartiges \u00fcber Mitteleuropa \u00fcberhaupt schon mal gesehen habe. <\/p>\n<blockquote><p>Besonders betroffen waren die Gemeinden Hrusky mit knapp 1500 und Moravska Nova Ves mit rund 2600 Einwohnern. Der stellvertretende B\u00fcrgermeister Hruskys sagte der Agentur CTK, dass der halbe Ort dem Erdboden gleichgemacht worden sei. &#8222;Geblieben sind nur die Mauern, ohne Dach, ohne Fenster&#8220;, sagte er. Die Menschen h\u00e4tten sich vor dem Unwetter nicht sch\u00fctzen k\u00f6nnen. <\/p><\/blockquote>\n<p><span class=\"embed-youtube\" style=\"text-align:center; display: block;\"><iframe loading=\"lazy\" class=\"youtube-player\" width=\"640\" height=\"360\" src=\"https:\/\/www.youtube.com\/embed\/wP-TiY7fHmg?version=3&#038;rel=1&#038;showsearch=0&#038;showinfo=1&#038;iv_load_policy=1&#038;fs=1&#038;hl=de-DE&#038;autohide=2&#038;wmode=transparent\" allowfullscreen=\"true\" style=\"border:0;\" sandbox=\"allow-scripts allow-same-origin allow-popups allow-presentation allow-popups-to-escape-sandbox\"><\/iframe><\/span><br \/>\n<small>(<a href=\"https:\/\/youtu.be\/wP-TiY7fHmg\">Direktlink<\/a>)<\/small><\/p>\n","protected":false},"excerpt":{"rendered":"<p>\u00dcber Tscheschien ist gestern Nachmittag ein schwerer Tornado hinweggezogen und hat eine Schneise der Verw\u00fcstung hinterlassen. Ich wei\u00df gar nicht, ob ich derartiges \u00fcber Mitteleuropa&#8230;<\/p>\n<div class=\"more-link-wrapper\"><a class=\"more-link\" href=\"https:\/\/www.kraftfuttermischwerk.de\/blogg\/schwerer-tornado-wuetet-in-tschechien\/\">Mehr lesen -&gt;<span class=\"screen-reader-text\">Schwerer Tornado w\u00fctet in Tschechien<\/span><\/a><\/div>\n","protected":false},"author":1,"featured_media":170783,"comment_status":"open","ping_status":"open","sticky":false,"template":"","format":"standard","meta":{"jetpack_post_was_ever_published":false,"_jetpack_newsletter_access":"","_jetpack_dont_email_post_to_subs":false,"_jetpack_newsletter_tier_id":0,"_jetpack_memberships_contains_paywalled_content":false,"_jetpack_memberships_contains_paid_content":false,"footnotes":""},"categories":[1],"tags":[5532,1535],"class_list":["post-170782","post","type-post","status-publish","format-standard","has-post-thumbnail","hentry","category-nur-mal-so","tag-czech-republic","tag-weather","entry"],"jetpack_featured_media_url":"https:\/\/www.kraftfuttermischwerk.de\/blogg\/wp-content\/uploads2\/2021\/06\/Bildschirmfoto-2021-06-25-um-14.08.19.jpg","jetpack_shortlink":"https:\/\/wp.me\/pXEnA-Iqy","jetpack-related-posts":[],"jetpack_sharing_enabled":true,"_links":{"self":[{"href":"https:\/\/www.kraftfuttermischwerk.de\/blogg\/wp-json\/wp\/v2\/posts\/170782","targetHints":{"allow":["GET"]}}],"collection":[{"href":"https:\/\/www.kraftfuttermischwerk.de\/blogg\/wp-json\/wp\/v2\/posts"}],"about":[{"href":"https:\/\/www.kraftfuttermischwerk.de\/blogg\/wp-json\/wp\/v2\/types\/post"}],"author":[{"embeddable":true,"href":"https:\/\/www.kraftfuttermischwerk.de\/blogg\/wp-json\/wp\/v2\/users\/1"}],"replies":[{"embeddable":true,"href":"https:\/\/www.kraftfuttermischwerk.de\/blogg\/wp-json\/wp\/v2\/comments?post=170782"}],"version-history":[{"count":2,"href":"https:\/\/www.kraftfuttermischwerk.de\/blogg\/wp-json\/wp\/v2\/posts\/170782\/revisions"}],"predecessor-version":[{"id":170785,"href":"https:\/\/www.kraftfuttermischwerk.de\/blogg\/wp-json\/wp\/v2\/posts\/170782\/revisions\/170785"}],"wp:featuredmedia":[{"embeddable":true,"href":"https:\/\/www.kraftfuttermischwerk.de\/blogg\/wp-json\/wp\/v2\/media\/170783"}],"wp:attachment":[{"href":"https:\/\/www.kraftfuttermischwerk.de\/blogg\/wp-json\/wp\/v2\/media?parent=170782"}],"wp:term":[{"taxonomy":"category","embeddable":true,"href":"https:\/\/www.kraftfuttermischwerk.de\/blogg\/wp-json\/wp\/v2\/categories?post=170782"},{"taxonomy":"post_tag","embeddable":true,"href":"https:\/\/www.kraftfuttermischwerk.de\/blogg\/wp-json\/wp\/v2\/tags?post=170782"}],"curies":[{"name":"wp","href":"https:\/\/api.w.org\/{rel}","templated":true}]}}