{"id":172489,"date":"2021-09-03T22:37:32","date_gmt":"2021-09-03T20:37:32","guid":{"rendered":"https:\/\/www.kraftfuttermischwerk.de\/blogg\/?p=172489"},"modified":"2021-09-03T22:37:32","modified_gmt":"2021-09-03T20:37:32","slug":"falls-ihr-innereuropaeisch-auswandern-wollen-wuerdet-wenn-es-in-deutschland-ein-tempolimit-geben-sollte","status":"publish","type":"post","link":"https:\/\/www.kraftfuttermischwerk.de\/blogg\/falls-ihr-innereuropaeisch-auswandern-wollen-wuerdet-wenn-es-in-deutschland-ein-tempolimit-geben-sollte\/","title":{"rendered":"Falls ihr innereurop\u00e4isch auswandern wollen w\u00fcrdet, wenn es in Deutschland ein Tempolimit geben sollte"},"content":{"rendered":"<p>Ich bin definitiv Team Tempolimit auf Autobahnen und lese in der letzten Zeit des \u00d6fteren, dass irgendwelche Gurkenk\u00f6pfe tats\u00e4chlich  auswandern wollen w\u00fcrden, wenn es dazu kommen sollte. <\/p>\n<p>Meine Blase, kann nat\u00fcrlich vollkommener Quatsch sein. Ich glaube, dass deshalb keiner tats\u00e4chlich dar\u00fcber nachdenken w\u00fcrde. (Au\u00dfer Ulf vielleicht.) Aber machen wir ein vielleicht absurd denkbares Szenario draus. Hierf\u00fcr. <\/p>\n<p>Na dann: haut rein, habt Spa\u00df, gibt Gas und viel Gl\u00fcck. <\/p>\n<img loading=\"lazy\" decoding=\"async\" src=\"https:\/\/www.kraftfuttermischwerk.de\/blogg\/wp-content\/uploads2\/2021\/09\/E-I0geiXIAUGecS.jpg\" alt=\"\" width=\"700\" height=\"393\" class=\"alignnone size-full wp-image-172490\" srcset=\"https:\/\/www.kraftfuttermischwerk.de\/blogg\/wp-content\/uploads2\/2021\/09\/E-I0geiXIAUGecS.jpg 700w, https:\/\/www.kraftfuttermischwerk.de\/blogg\/wp-content\/uploads2\/2021\/09\/E-I0geiXIAUGecS-300x168.jpg 300w, https:\/\/www.kraftfuttermischwerk.de\/blogg\/wp-content\/uploads2\/2021\/09\/E-I0geiXIAUGecS-600x337.jpg 600w\" sizes=\"auto, (max-width: 700px) 100vw, 700px\" \/><p><br \/>\n<small>(via <a href=\"https:\/\/twitter.com\/SarahLehmann019\/status\/1432765366334279684\">Sarah Lehmann<\/a>)<\/small><\/p>\n","protected":false},"excerpt":{"rendered":"<p>Ich bin definitiv Team Tempolimit auf Autobahnen und lese in der letzten Zeit des \u00d6fteren, dass irgendwelche Gurkenk\u00f6pfe tats\u00e4chlich auswandern wollen w\u00fcrden, wenn es dazu&#8230;<\/p>\n<div class=\"more-link-wrapper\"><a class=\"more-link\" href=\"https:\/\/www.kraftfuttermischwerk.de\/blogg\/falls-ihr-innereuropaeisch-auswandern-wollen-wuerdet-wenn-es-in-deutschland-ein-tempolimit-geben-sollte\/\">Mehr lesen -&gt;<span class=\"screen-reader-text\">Falls ihr innereurop\u00e4isch auswandern wollen w\u00fcrdet, wenn es in Deutschland ein Tempolimit geben sollte<\/span><\/a><\/div>\n","protected":false},"author":1,"featured_media":172490,"comment_status":"open","ping_status":"open","sticky":false,"template":"","format":"standard","meta":{"jetpack_post_was_ever_published":false,"_jetpack_newsletter_access":"","_jetpack_dont_email_post_to_subs":false,"_jetpack_newsletter_tier_id":0,"_jetpack_memberships_contains_paywalled_content":false,"_jetpack_memberships_contains_paid_content":false,"footnotes":""},"categories":[6],"tags":[8668],"class_list":["post-172489","post","type-post","status-publish","format-standard","has-post-thumbnail","hentry","category-alltaglicher-sinnwahn","tag-tempolimit","entry"],"jetpack_featured_media_url":"https:\/\/www.kraftfuttermischwerk.de\/blogg\/wp-content\/uploads2\/2021\/09\/E-I0geiXIAUGecS.jpg","jetpack_shortlink":"https:\/\/wp.me\/pXEnA-IS5","jetpack-related-posts":[],"jetpack_sharing_enabled":true,"_links":{"self":[{"href":"https:\/\/www.kraftfuttermischwerk.de\/blogg\/wp-json\/wp\/v2\/posts\/172489","targetHints":{"allow":["GET"]}}],"collection":[{"href":"https:\/\/www.kraftfuttermischwerk.de\/blogg\/wp-json\/wp\/v2\/posts"}],"about":[{"href":"https:\/\/www.kraftfuttermischwerk.de\/blogg\/wp-json\/wp\/v2\/types\/post"}],"author":[{"embeddable":true,"href":"https:\/\/www.kraftfuttermischwerk.de\/blogg\/wp-json\/wp\/v2\/users\/1"}],"replies":[{"embeddable":true,"href":"https:\/\/www.kraftfuttermischwerk.de\/blogg\/wp-json\/wp\/v2\/comments?post=172489"}],"version-history":[{"count":3,"href":"https:\/\/www.kraftfuttermischwerk.de\/blogg\/wp-json\/wp\/v2\/posts\/172489\/revisions"}],"predecessor-version":[{"id":172493,"href":"https:\/\/www.kraftfuttermischwerk.de\/blogg\/wp-json\/wp\/v2\/posts\/172489\/revisions\/172493"}],"wp:featuredmedia":[{"embeddable":true,"href":"https:\/\/www.kraftfuttermischwerk.de\/blogg\/wp-json\/wp\/v2\/media\/172490"}],"wp:attachment":[{"href":"https:\/\/www.kraftfuttermischwerk.de\/blogg\/wp-json\/wp\/v2\/media?parent=172489"}],"wp:term":[{"taxonomy":"category","embeddable":true,"href":"https:\/\/www.kraftfuttermischwerk.de\/blogg\/wp-json\/wp\/v2\/categories?post=172489"},{"taxonomy":"post_tag","embeddable":true,"href":"https:\/\/www.kraftfuttermischwerk.de\/blogg\/wp-json\/wp\/v2\/tags?post=172489"}],"curies":[{"name":"wp","href":"https:\/\/api.w.org\/{rel}","templated":true}]}}