{"id":173198,"date":"2021-10-01T10:42:53","date_gmt":"2021-10-01T08:42:53","guid":{"rendered":"https:\/\/www.kraftfuttermischwerk.de\/blogg\/?p=173198"},"modified":"2021-10-01T10:42:53","modified_gmt":"2021-10-01T08:42:53","slug":"vermisster-schliesst-sich-suchtrupp-an-der-nach-ihm-suchte","status":"publish","type":"post","link":"https:\/\/www.kraftfuttermischwerk.de\/blogg\/vermisster-schliesst-sich-suchtrupp-an-der-nach-ihm-suchte\/","title":{"rendered":"Vermisster schlie\u00dft sich Suchtrupp an, der nach ihm suchte"},"content":{"rendered":"<p>Ein 50-j\u00e4hriger vermisster Mann in der T\u00fcrkei schloss sich einer Rettungsaktion an und suchte stundenlang nach sich selbst, bevor er merkte, dass er <a href=\"https:\/\/www.bbc.com\/news\/world-europe-58746703\">selbst das Ziel der Suche war<\/a>. Offenbar wollte er nur helfen. <\/p>\n<p>Der Gentleman war wohl mit seinen Freunden einen Trinken, als er in einen nahe gelegenen Wald ging und nicht wieder zur\u00fcckkehrte. Aus Sorge um ihn alarmierten seine Freunde sp\u00e4ter die Beh\u00f6rden, die eine Suchaktion einleiteten.<br \/>\nDieser schloss sich eine gro\u00dfe Gruppe von Freiwilligen an. Unter anderem der Gesuchte. Der Suchtrupp rief stundenlang seinen Namen, als sich pl\u00f6tzlich der Mann aus der Gruppe zu Wort meldete und gesagt haben soll: &#8222;Nach wem suchen wir? Ich bin hier.&#8220;<\/p>\n<blockquote class=\"twitter-tweet\" data-width=\"500\" data-dnt=\"true\">\n<p lang=\"tr\" dir=\"ltr\">Bursa&#39;n\u0131n \u0130neg\u00f6l il\u00e7esinde, Beyhan Mutlu isimli \u015fah\u0131s, kendisi i\u00e7in ba\u015flat\u0131lan arama \u00e7al\u0131\u015fmalar\u0131n\u0131 ba\u015fkas\u0131 i\u00e7in zannederek saatlerce kendini arad\u0131.<\/p>\n<p>Ekipler, arama \u00e7al\u0131\u015fmas\u0131yla ilgili tutanak d\u00fczenleyip kay\u0131p \u015fahs\u0131 evine b\u0131rakt\u0131lar. <a href=\"https:\/\/t.co\/yhVaPSh7wY\">pic.twitter.com\/yhVaPSh7wY<\/a><\/p>\n<p>&mdash; Vaziyet (@vaziyetcomtr) <a href=\"https:\/\/twitter.com\/vaziyetcomtr\/status\/1442849596095483904?ref_src=twsrc%5Etfw\">September 28, 2021<\/a><\/p><\/blockquote>\n<p><script async src=\"https:\/\/platform.twitter.com\/widgets.js\" charset=\"utf-8\"><\/script><\/p>\n","protected":false},"excerpt":{"rendered":"<p>Ein 50-j\u00e4hriger vermisster Mann in der T\u00fcrkei schloss sich einer Rettungsaktion an und suchte stundenlang nach sich selbst, bevor er merkte, dass er selbst das&#8230;<\/p>\n<div class=\"more-link-wrapper\"><a class=\"more-link\" href=\"https:\/\/www.kraftfuttermischwerk.de\/blogg\/vermisster-schliesst-sich-suchtrupp-an-der-nach-ihm-suchte\/\">Mehr lesen -&gt;<span class=\"screen-reader-text\">Vermisster schlie\u00dft sich Suchtrupp an, der nach ihm suchte<\/span><\/a><\/div>\n","protected":false},"author":1,"featured_media":173199,"comment_status":"open","ping_status":"open","sticky":false,"template":"","format":"standard","meta":{"jetpack_post_was_ever_published":false,"_jetpack_newsletter_access":"","_jetpack_dont_email_post_to_subs":false,"_jetpack_newsletter_tier_id":0,"_jetpack_memberships_contains_paywalled_content":false,"_jetpack_memberships_contains_paid_content":false,"footnotes":""},"categories":[6],"tags":[130,1744,8699],"class_list":["post-173198","post","type-post","status-publish","format-standard","has-post-thumbnail","hentry","category-alltaglicher-sinnwahn","tag-fun","tag-rescue","tag-turkay","entry"],"jetpack_featured_media_url":"https:\/\/www.kraftfuttermischwerk.de\/blogg\/wp-content\/uploads2\/2021\/10\/Bildschirmfoto-2021-10-01-um-10.41.26.jpg","jetpack_shortlink":"https:\/\/wp.me\/pXEnA-J3w","jetpack-related-posts":[],"jetpack_sharing_enabled":true,"_links":{"self":[{"href":"https:\/\/www.kraftfuttermischwerk.de\/blogg\/wp-json\/wp\/v2\/posts\/173198","targetHints":{"allow":["GET"]}}],"collection":[{"href":"https:\/\/www.kraftfuttermischwerk.de\/blogg\/wp-json\/wp\/v2\/posts"}],"about":[{"href":"https:\/\/www.kraftfuttermischwerk.de\/blogg\/wp-json\/wp\/v2\/types\/post"}],"author":[{"embeddable":true,"href":"https:\/\/www.kraftfuttermischwerk.de\/blogg\/wp-json\/wp\/v2\/users\/1"}],"replies":[{"embeddable":true,"href":"https:\/\/www.kraftfuttermischwerk.de\/blogg\/wp-json\/wp\/v2\/comments?post=173198"}],"version-history":[{"count":2,"href":"https:\/\/www.kraftfuttermischwerk.de\/blogg\/wp-json\/wp\/v2\/posts\/173198\/revisions"}],"predecessor-version":[{"id":173201,"href":"https:\/\/www.kraftfuttermischwerk.de\/blogg\/wp-json\/wp\/v2\/posts\/173198\/revisions\/173201"}],"wp:featuredmedia":[{"embeddable":true,"href":"https:\/\/www.kraftfuttermischwerk.de\/blogg\/wp-json\/wp\/v2\/media\/173199"}],"wp:attachment":[{"href":"https:\/\/www.kraftfuttermischwerk.de\/blogg\/wp-json\/wp\/v2\/media?parent=173198"}],"wp:term":[{"taxonomy":"category","embeddable":true,"href":"https:\/\/www.kraftfuttermischwerk.de\/blogg\/wp-json\/wp\/v2\/categories?post=173198"},{"taxonomy":"post_tag","embeddable":true,"href":"https:\/\/www.kraftfuttermischwerk.de\/blogg\/wp-json\/wp\/v2\/tags?post=173198"}],"curies":[{"name":"wp","href":"https:\/\/api.w.org\/{rel}","templated":true}]}}