{"id":173231,"date":"2021-10-03T12:52:26","date_gmt":"2021-10-03T10:52:26","guid":{"rendered":"https:\/\/www.kraftfuttermischwerk.de\/blogg\/?p=173231"},"modified":"2021-10-03T12:52:26","modified_gmt":"2021-10-03T10:52:26","slug":"podcast-mensch-erzaehl-doch-mal-03-mohammad-ist-als-kind-nach-deutschland-gefluechtet","status":"publish","type":"post","link":"https:\/\/www.kraftfuttermischwerk.de\/blogg\/podcast-mensch-erzaehl-doch-mal-03-mohammad-ist-als-kind-nach-deutschland-gefluechtet\/","title":{"rendered":"Podcast: Mensch, erz\u00e4hl doch mal! #03 &#8211; Mohammad ist als Kind nach Deutschland gefl\u00fcchtet"},"content":{"rendered":"<a href=\"https:\/\/soundcloud.com\/menscherzaehldochmal\/03-mohammad-ist-als-kind-nach-deutschland-gefluchtet\"><img loading=\"lazy\" decoding=\"async\" src=\"https:\/\/www.kraftfuttermischwerk.de\/blogg\/wp-content\/uploads2\/2021\/03\/MEDMHeader1.jpg\" alt=\"\" width=\"1742\" height=\"520\" class=\"alignnone size-full wp-image-167920\" srcset=\"https:\/\/www.kraftfuttermischwerk.de\/blogg\/wp-content\/uploads2\/2021\/03\/MEDMHeader1.jpg 1742w, https:\/\/www.kraftfuttermischwerk.de\/blogg\/wp-content\/uploads2\/2021\/03\/MEDMHeader1-300x90.jpg 300w, https:\/\/www.kraftfuttermischwerk.de\/blogg\/wp-content\/uploads2\/2021\/03\/MEDMHeader1-600x179.jpg 600w, https:\/\/www.kraftfuttermischwerk.de\/blogg\/wp-content\/uploads2\/2021\/03\/MEDMHeader1-768x229.jpg 768w, https:\/\/www.kraftfuttermischwerk.de\/blogg\/wp-content\/uploads2\/2021\/03\/MEDMHeader1-1536x459.jpg 1536w\" sizes=\"auto, (max-width: 1742px) 100vw, 1742px\" \/><\/a><p><br \/>\n<small><span style=\"background: #f5f4f4;\"><a href=\"https:\/\/www.kraftfuttermischwerk.de\/blogg\/mensch-erzaehl-doch-mal-ein-podcast-von-und-mit-jugendlichen-und-jungen-erwachsenen-fuer-jugendliche-und-junge-erwachsene\/\">Mensch, erz\u00e4hl doch mal!<\/a>, ein Podcast, der Jugendlichen und jungen Erwachsenen eine Stimme geben m\u00f6chte, ohne sie zu belehren. Mensch, erz\u00e4hl doch mal stellt Fragen und l\u00e4sst die Befragten in all der f\u00fcr sie notwendigen Zeit antworten. Damit ihnen zugeh\u00f6rt werden kann, denn gerade im letzten Jahr wurde die Gelegenheit dazu, f\u00fcr sie immer kleiner.<\/a>.<\/span><\/small><\/p>\n<p>Mohammad wurde im Alter von neun Jahren von Soldaten des Assad-Regimes angeschossen. Er \u00fcberlebte nur knapp, fl\u00fcchtete in den Folgejahren erst in den Libanon und kam dann 2013 mit seiner Familie nach Fichtenwalde, ein kleines Dorf in Brandenburg.<\/p>\n<p>In dieser dritten Ausgabe unseres Podcasts sprechen wir \u00fcber eine vom Krieg gepr\u00e4gte Kindheit, \u00fcber die Hoffnung auf ein besseres Leben, \u00fcber Rassismuserfahrungen und vor allem \u00fcber  gelungene Integration.<\/p>\n<p>Es war ein dunkler, kalter Abend im November 2013 als der damalige Ortsvorsteher der Gemeinde, in der ich arbeite, mit f\u00fcnf jungen M\u00e4nnern, die ich vorher dort noch nicht gesehen hatte bei mir im Club stand und sie als syrische Fl\u00fcchtlinge vorstellte. Er wollte, dass sie sich ein wenig im Dorf umsehen konnten  und zeigte ihnen alles, was sie wissen sollten. Sie spielten eine Runde Billard, unterhielten sich und gingen wieder. Ab jenem Abend kamen sie fast t\u00e4glich, lernten deutsch und deutsche Gepflogenheiten kennen. Wir unterst\u00fctzten sie im  Beh\u00f6rden-Dschungel, schrieben mit ihnen Antr\u00e4ge f\u00fcr  \u00c4mter und Schulen, erstellten gef\u00fchlt 100 Email-Adressen f\u00fcr jeden von ihnen, kochten zusammen, zockten mit ihnen und gegen sie Fifa, sahen dabei zu, wie sie hier ein neues Leben begannen. Mohammad kam bis vor Corona so gut wie jeden Tag. Wir unterst\u00fctzten ihn bei der Suche nach einem Ausbildungsplatz, den er mittlerweile gefunden hat. Wir haben etliche Stunden miteinander verbracht. Er ist einunfassbar charismatischer junger Mann mit jeder Menge Humor. Zu dem hat er ein gro\u00dfes Herz. Ich habe viel von ihm \u00fcber arabische Kulturkreise und den Islam gelernt, konnte immer mit Fragen zu ihm kommen, wie er zu mir. Und ich konnte durchaus auch Kritik an dem \u00fcben, was seinen Glauben ausmacht, dem er hier nach wie vor treu geblieben ist. <\/p>\n<p>Es freut mich sehr, dass er uns hiermit an seiner Geschichte teilhaben l\u00e4sst, die ich zu gro\u00dfen Teilen schon kenne. Dennoch erfahre ich hier immer noch Neues \u00fcber ihn und seine Familie, die mit Taubenzucht und Kleingarten mittlerweile kartoffeliger drauf sind als so manche ihrer deutschen Nachbarn. <\/p>\n<p><iframe loading=\"lazy\" width=\"100%\" height=\"166\" scrolling=\"no\" frameborder=\"no\" allow=\"autoplay\" src=\"https:\/\/w.soundcloud.com\/player\/?url=https%3A\/\/api.soundcloud.com\/tracks\/1135280824&#038;color=%23ff5500&#038;auto_play=false&#038;hide_related=false&#038;show_comments=true&#038;show_user=true&#038;show_reposts=false&#038;show_teaser=true\"><\/iframe><\/p>\n<div style=\"font-size: 10px; color: #cccccc;line-break: anywhere;word-break: normal;overflow: hidden;white-space: nowrap;text-overflow: ellipsis; font-family: Interstate,Lucida Grande,Lucida Sans Unicode,Lucida Sans,Garuda,Verdana,Tahoma,sans-serif;font-weight: 100;\"><a href=\"https:\/\/soundcloud.com\/menscherzaehldochmal\" title=\"Mensch, erz\u00e4hl doch mal!\" target=\"_blank\" style=\"color: #cccccc; text-decoration: none;\" rel=\"noopener\">Mensch, erz\u00e4hl doch mal!<\/a> \u00b7 <a href=\"https:\/\/soundcloud.com\/menscherzaehldochmal\/03-mohammad-ist-als-kind-nach-deutschland-gefluchtet\" title=\"#03: Mohammad ist als Kind nach Deutschland gefl\u00fcchtet\" target=\"_blank\" style=\"color: #cccccc; text-decoration: none;\" rel=\"noopener\">#03: Mohammad ist als Kind nach Deutschland gefl\u00fcchtet<\/a><\/div>\n<p>\u279c <a href=\"https:\/\/www.kraftfuttermischwerk.de\/blogg\/tag\/medm\/\">Alle Folgen<\/a><br \/>\n\u279c <a href=\"https:\/\/twitter.com\/KaiRemen\">Kai Remen<\/a><br \/>\n\u279c <a href=\"http:\/\/www.stiftung-job.de\">Stiftung JOB<\/a><br \/>\n\u279c <a href=\"https:\/\/anchor.fm\/s\/50cc75e0\/podcast\/rss\">RSS Feed<\/a><\/p>\n","protected":false},"excerpt":{"rendered":"<p>Mensch, erz\u00e4hl doch mal!, ein Podcast, der Jugendlichen und jungen Erwachsenen eine Stimme geben m\u00f6chte, ohne sie zu belehren. Mensch, erz\u00e4hl doch mal stellt Fragen&#8230;<\/p>\n<div class=\"more-link-wrapper\"><a class=\"more-link\" href=\"https:\/\/www.kraftfuttermischwerk.de\/blogg\/podcast-mensch-erzaehl-doch-mal-03-mohammad-ist-als-kind-nach-deutschland-gefluechtet\/\">Mehr lesen -&gt;<span class=\"screen-reader-text\">Podcast: Mensch, erz\u00e4hl doch mal! #03 &#8211; Mohammad ist als Kind nach Deutschland gefl\u00fcchtet<\/span><\/a><\/div>\n","protected":false},"author":1,"featured_media":173254,"comment_status":"open","ping_status":"open","sticky":false,"template":"","format":"standard","meta":{"jetpack_post_was_ever_published":false,"_jetpack_newsletter_access":"","_jetpack_dont_email_post_to_subs":false,"_jetpack_newsletter_tier_id":0,"_jetpack_memberships_contains_paywalled_content":false,"_jetpack_memberships_contains_paid_content":false,"footnotes":""},"categories":[1,6],"tags":[8508,923,896,7048,1667,1155],"class_list":["post-173231","post","type-post","status-publish","format-standard","has-post-thumbnail","hentry","category-nur-mal-so","category-alltaglicher-sinnwahn","tag-medm","tag-podcast","tag-refugees","tag-social-work","tag-syria","tag-youth","entry"],"jetpack_featured_media_url":"https:\/\/www.kraftfuttermischwerk.de\/blogg\/wp-content\/uploads2\/2021\/10\/Unbenannt-1.jpg","jetpack_shortlink":"https:\/\/wp.me\/pXEnA-J43","jetpack-related-posts":[],"jetpack_sharing_enabled":true,"_links":{"self":[{"href":"https:\/\/www.kraftfuttermischwerk.de\/blogg\/wp-json\/wp\/v2\/posts\/173231","targetHints":{"allow":["GET"]}}],"collection":[{"href":"https:\/\/www.kraftfuttermischwerk.de\/blogg\/wp-json\/wp\/v2\/posts"}],"about":[{"href":"https:\/\/www.kraftfuttermischwerk.de\/blogg\/wp-json\/wp\/v2\/types\/post"}],"author":[{"embeddable":true,"href":"https:\/\/www.kraftfuttermischwerk.de\/blogg\/wp-json\/wp\/v2\/users\/1"}],"replies":[{"embeddable":true,"href":"https:\/\/www.kraftfuttermischwerk.de\/blogg\/wp-json\/wp\/v2\/comments?post=173231"}],"version-history":[{"count":5,"href":"https:\/\/www.kraftfuttermischwerk.de\/blogg\/wp-json\/wp\/v2\/posts\/173231\/revisions"}],"predecessor-version":[{"id":173255,"href":"https:\/\/www.kraftfuttermischwerk.de\/blogg\/wp-json\/wp\/v2\/posts\/173231\/revisions\/173255"}],"wp:featuredmedia":[{"embeddable":true,"href":"https:\/\/www.kraftfuttermischwerk.de\/blogg\/wp-json\/wp\/v2\/media\/173254"}],"wp:attachment":[{"href":"https:\/\/www.kraftfuttermischwerk.de\/blogg\/wp-json\/wp\/v2\/media?parent=173231"}],"wp:term":[{"taxonomy":"category","embeddable":true,"href":"https:\/\/www.kraftfuttermischwerk.de\/blogg\/wp-json\/wp\/v2\/categories?post=173231"},{"taxonomy":"post_tag","embeddable":true,"href":"https:\/\/www.kraftfuttermischwerk.de\/blogg\/wp-json\/wp\/v2\/tags?post=173231"}],"curies":[{"name":"wp","href":"https:\/\/api.w.org\/{rel}","templated":true}]}}