{"id":1737,"date":"2008-02-15T15:09:48","date_gmt":"2008-02-15T14:09:48","guid":{"rendered":"http:\/\/www.kraftfuttermischwerk.de\/blogg\/?p=1737"},"modified":"2008-02-15T15:25:08","modified_gmt":"2008-02-15T14:25:08","slug":"10062008-ratm-in-berlin","status":"publish","type":"post","link":"https:\/\/www.kraftfuttermischwerk.de\/blogg\/10062008-ratm-in-berlin\/","title":{"rendered":"10.06.2008 &#8211; RATM in Berlin!"},"content":{"rendered":"<p>Ich habe es genau gewusst. \u201eDie spielen neben ihren Gigs im Park und am Ring ganz sicher noch einen exklusiven Gig in Berlin\u201c, habe ich gesagt. \u201eGenau wie die Pumpkins im letzten Jahr\u201c, habe ich gesagt. Und keiner wollte mir glauben. Was bin ich froh, die Tix f\u00fcr Rock im Igrendwo-Geschmei\u00df nicht gekauft zu haben, obwohl ich schon kurz davor war. Und nun? Tja, nun spielen sie in Berlin. Ick werd bekloppt, das ich das noch erleben darf.<\/p>\n<blockquote><p>\nDer legend\u00e4re Sonderstatus von Rage Against The Machine hat viele Gr\u00fcnde. Zum einen erfanden sie 1992 den Crossover aus Rap und Rock. Zum anderen gilt das Quartett aus Los Angeles, Kalifornien als beste Live-Band aller Zeiten. Hinzu kommt das beispielhafte politische Engagement der einzelnen Mitglieder. Nach ihrer Aufl\u00f6sung im Jahr 2000 wird nun das Ungeahnte war: Rage Against The Machine haben sich nach acht Jahren f\u00fcr ausgew\u00e4hlte Konzerte wiedervereinigt. Sie werden neben Festivalauftritten bei Rock am Ring und Rock im Park auch eine exklusive Soloshow am 10.Juni in Berlin spielen!\n<\/p><\/blockquote>\n<p>Tickets gibt es schonmal <a href=\"http:\/\/www.eventim.de\/cgi-bin\/rage-against-the-machine-tickets-berlin-u7-station-zitadelle.html?fun=TDetailB&#038;id=EVE_NO_SESSION&#038;doc=funktion\/fun_deb_sta&#038;key=234817$435449\">hier<\/a> und kosten tun die 52\u20ac. Zweiundf\u00fcnfzig Euro(!) Puhhh&#8230; Aber shice doch drauf. Wenn das so weiter geht, werde ich am Ende des Jahres soviel Geld in Konzerte investiert haben, wie niemals zuvor. Was solls, wenn man ins gehobene Alter kommt, kann man sich auch gerne mit sowas ruinieren.<br \/>\nNa denn M\u00e4dels,  schlachtet die Sparschweine &#8211; wir gehen zu Rage. Und, Boogie: Ich habs Dir doch gesagt!<br \/>\n(<a href=\"http:\/\/www.i-jeriko.de\/2008\/02\/14\/daruber-kann-ich-jetzt-die-ganze-nacht-grubeln\/#comment-35800\">via<\/a>)<\/p>\n","protected":false},"excerpt":{"rendered":"<p>Ich habe es genau gewusst. \u201eDie spielen neben ihren Gigs im Park und am Ring ganz sicher noch einen exklusiven Gig in Berlin\u201c, habe ich&#8230;<\/p>\n<div class=\"more-link-wrapper\"><a class=\"more-link\" href=\"https:\/\/www.kraftfuttermischwerk.de\/blogg\/10062008-ratm-in-berlin\/\">Mehr lesen -&gt;<span class=\"screen-reader-text\">10.06.2008 &#8211; RATM in Berlin!<\/span><\/a><\/div>\n","protected":false},"author":1,"featured_media":0,"comment_status":"open","ping_status":"open","sticky":false,"template":"","format":"standard","meta":{"jetpack_post_was_ever_published":false,"_jetpack_newsletter_access":"","_jetpack_dont_email_post_to_subs":false,"_jetpack_newsletter_tier_id":0,"_jetpack_memberships_contains_paywalled_content":false,"_jetpack_memberships_contains_paid_content":false,"footnotes":""},"categories":[5],"tags":[],"class_list":["post-1737","post","type-post","status-publish","format-standard","hentry","category-musik","entry"],"jetpack_featured_media_url":"","jetpack_shortlink":"https:\/\/wp.me\/pXEnA-s1","jetpack-related-posts":[],"jetpack_sharing_enabled":true,"_links":{"self":[{"href":"https:\/\/www.kraftfuttermischwerk.de\/blogg\/wp-json\/wp\/v2\/posts\/1737","targetHints":{"allow":["GET"]}}],"collection":[{"href":"https:\/\/www.kraftfuttermischwerk.de\/blogg\/wp-json\/wp\/v2\/posts"}],"about":[{"href":"https:\/\/www.kraftfuttermischwerk.de\/blogg\/wp-json\/wp\/v2\/types\/post"}],"author":[{"embeddable":true,"href":"https:\/\/www.kraftfuttermischwerk.de\/blogg\/wp-json\/wp\/v2\/users\/1"}],"replies":[{"embeddable":true,"href":"https:\/\/www.kraftfuttermischwerk.de\/blogg\/wp-json\/wp\/v2\/comments?post=1737"}],"version-history":[{"count":0,"href":"https:\/\/www.kraftfuttermischwerk.de\/blogg\/wp-json\/wp\/v2\/posts\/1737\/revisions"}],"wp:attachment":[{"href":"https:\/\/www.kraftfuttermischwerk.de\/blogg\/wp-json\/wp\/v2\/media?parent=1737"}],"wp:term":[{"taxonomy":"category","embeddable":true,"href":"https:\/\/www.kraftfuttermischwerk.de\/blogg\/wp-json\/wp\/v2\/categories?post=1737"},{"taxonomy":"post_tag","embeddable":true,"href":"https:\/\/www.kraftfuttermischwerk.de\/blogg\/wp-json\/wp\/v2\/tags?post=1737"}],"curies":[{"name":"wp","href":"https:\/\/api.w.org\/{rel}","templated":true}]}}