{"id":175207,"date":"2021-12-11T09:29:24","date_gmt":"2021-12-11T08:29:24","guid":{"rendered":"https:\/\/www.kraftfuttermischwerk.de\/blogg\/?p=175207"},"modified":"2021-12-11T10:04:47","modified_gmt":"2021-12-11T09:04:47","slug":"adventskalender-2021-tuerchen-11-mogreens-stereo-de-janeiro","status":"publish","type":"post","link":"https:\/\/www.kraftfuttermischwerk.de\/blogg\/adventskalender-2021-tuerchen-11-mogreens-stereo-de-janeiro\/","title":{"rendered":"Adventskalender 2021, T\u00fcrchen #11: mogreens &#8211; Stereo de Janeiro"},"content":{"rendered":"<a href=\"https:\/\/www.kraftfuttermischwerk.de\/blogg\/wp-content\/uploads2\/2021\/12\/ak2021011.jpg\"><img loading=\"lazy\" decoding=\"async\" src=\"https:\/\/www.kraftfuttermischwerk.de\/blogg\/wp-content\/uploads2\/2021\/12\/ak2021011-300x300.jpg\" alt=\"\" width=\"300\" height=\"300\" class=\"alignleft size-medium wp-image-175218\" srcset=\"https:\/\/www.kraftfuttermischwerk.de\/blogg\/wp-content\/uploads2\/2021\/12\/ak2021011-300x300.jpg 300w, https:\/\/www.kraftfuttermischwerk.de\/blogg\/wp-content\/uploads2\/2021\/12\/ak2021011-600x600.jpg 600w, https:\/\/www.kraftfuttermischwerk.de\/blogg\/wp-content\/uploads2\/2021\/12\/ak2021011-150x150.jpg 150w, https:\/\/www.kraftfuttermischwerk.de\/blogg\/wp-content\/uploads2\/2021\/12\/ak2021011-768x768.jpg 768w, https:\/\/www.kraftfuttermischwerk.de\/blogg\/wp-content\/uploads2\/2021\/12\/ak2021011.jpg 1092w\" sizes=\"auto, (max-width: 300px) 100vw, 300px\" \/><\/a><p>Mein Lieblingskollege <a href=\"https:\/\/soundcloud.com\/mogreens\">Mogreens<\/a>, der manchmal auflegt, das meistens im Chill, war am Freitagabend aufm Land bei Klausi aus&#8217;m Osten, um diesen Mix aufzunehmen, wobei es mich besonders freut, den Klaus hier im Intro zu h\u00f6ren zu k\u00f6nnen. Hab den ewig nicht gesehen. Und danach gibt es dann Stereo de Janeiro und jeden Menge Perlen von Vinyl samt Knacksen, wie sie eben nur Mogreens auf die Teller packt &#8211; und das macht mir gerade die Laune ein bisschen besser. Dazu erstmal mit einem Kaffee in den Samstag starten. Ganz stressfrei und mit einem L\u00e4cheln. Und gr\u00fc\u00df mir den Klaus, Kollege!<\/p>\n<p><iframe loading=\"lazy\" width=\"100%\" height=\"166\" scrolling=\"no\" frameborder=\"no\" allow=\"autoplay\" src=\"https:\/\/w.soundcloud.com\/player\/?url=https%3A\/\/api.soundcloud.com\/tracks\/1175932180&#038;color=%23ff5500&#038;auto_play=false&#038;hide_related=true&#038;show_comments=true&#038;show_user=true&#038;show_reposts=false&#038;show_teaser=false\"><\/iframe><\/p>\n<div style=\"font-size: 10px; color: #cccccc;line-break: anywhere;word-break: normal;overflow: hidden;white-space: nowrap;text-overflow: ellipsis; font-family: Interstate,Lucida Grande,Lucida Sans Unicode,Lucida Sans,Garuda,Verdana,Tahoma,sans-serif;font-weight: 100;\"><a href=\"https:\/\/soundcloud.com\/der-das-kfmw-ak\" title=\"KFMW Adventskalender\" target=\"_blank\" style=\"color: #cccccc; text-decoration: none;\" rel=\"noopener\">KFMW Adventskalender<\/a> \u00b7 <a href=\"https:\/\/soundcloud.com\/der-das-kfmw-ak\/2021-11-mogreens-stereo-de-janeiro\" title=\"2021 #11: mogreens - Stereo de Janeiro\" target=\"_blank\" style=\"color: #cccccc; text-decoration: none;\" rel=\"noopener\">2021 #11: mogreens &#8211; Stereo de Janeiro<\/a><\/div>\n<p><strong>Style:<\/strong> Bunter Teller<br \/>\n<strong>Lenght:<\/strong> 01:21:54<br \/>\n<strong>Quality:<\/strong> 320 kBit\/s<\/p>\n<p>Tracklist:<\/p>\n","protected":false},"excerpt":{"rendered":"<p>Mein Lieblingskollege Mogreens, der manchmal auflegt, das meistens im Chill, war am Freitagabend aufm Land bei Klausi aus&#8217;m Osten, um diesen Mix aufzunehmen, wobei es&#8230;<\/p>\n<div class=\"more-link-wrapper\"><a class=\"more-link\" href=\"https:\/\/www.kraftfuttermischwerk.de\/blogg\/adventskalender-2021-tuerchen-11-mogreens-stereo-de-janeiro\/\">Mehr lesen -&gt;<span class=\"screen-reader-text\">Adventskalender 2021, T\u00fcrchen #11: mogreens &#8211; Stereo de Janeiro<\/span><\/a><\/div>\n","protected":false},"author":1,"featured_media":175208,"comment_status":"open","ping_status":"open","sticky":false,"template":"","format":"standard","meta":{"jetpack_post_was_ever_published":false,"_jetpack_newsletter_access":"","_jetpack_dont_email_post_to_subs":false,"_jetpack_newsletter_tier_id":0,"_jetpack_memberships_contains_paywalled_content":false,"_jetpack_memberships_contains_paid_content":false,"footnotes":""},"categories":[23,8771,5],"tags":[8772,382,651,1647,380,1289],"class_list":["post-175207","post","type-post","status-publish","format-standard","has-post-thumbnail","hentry","category-adventskalender","category-adventskalender-2021","category-musik","tag-ak2021","tag-dj-mix","tag-downbeats","tag-eclectic","tag-jazz","tag-mogreens","entry"],"jetpack_featured_media_url":"https:\/\/www.kraftfuttermischwerk.de\/blogg\/wp-content\/uploads2\/2021\/12\/ak202101thum11.jpg","jetpack_shortlink":"https:\/\/wp.me\/pXEnA-JzV","jetpack-related-posts":[],"jetpack_sharing_enabled":true,"_links":{"self":[{"href":"https:\/\/www.kraftfuttermischwerk.de\/blogg\/wp-json\/wp\/v2\/posts\/175207","targetHints":{"allow":["GET"]}}],"collection":[{"href":"https:\/\/www.kraftfuttermischwerk.de\/blogg\/wp-json\/wp\/v2\/posts"}],"about":[{"href":"https:\/\/www.kraftfuttermischwerk.de\/blogg\/wp-json\/wp\/v2\/types\/post"}],"author":[{"embeddable":true,"href":"https:\/\/www.kraftfuttermischwerk.de\/blogg\/wp-json\/wp\/v2\/users\/1"}],"replies":[{"embeddable":true,"href":"https:\/\/www.kraftfuttermischwerk.de\/blogg\/wp-json\/wp\/v2\/comments?post=175207"}],"version-history":[{"count":4,"href":"https:\/\/www.kraftfuttermischwerk.de\/blogg\/wp-json\/wp\/v2\/posts\/175207\/revisions"}],"predecessor-version":[{"id":175219,"href":"https:\/\/www.kraftfuttermischwerk.de\/blogg\/wp-json\/wp\/v2\/posts\/175207\/revisions\/175219"}],"wp:featuredmedia":[{"embeddable":true,"href":"https:\/\/www.kraftfuttermischwerk.de\/blogg\/wp-json\/wp\/v2\/media\/175208"}],"wp:attachment":[{"href":"https:\/\/www.kraftfuttermischwerk.de\/blogg\/wp-json\/wp\/v2\/media?parent=175207"}],"wp:term":[{"taxonomy":"category","embeddable":true,"href":"https:\/\/www.kraftfuttermischwerk.de\/blogg\/wp-json\/wp\/v2\/categories?post=175207"},{"taxonomy":"post_tag","embeddable":true,"href":"https:\/\/www.kraftfuttermischwerk.de\/blogg\/wp-json\/wp\/v2\/tags?post=175207"}],"curies":[{"name":"wp","href":"https:\/\/api.w.org\/{rel}","templated":true}]}}