{"id":175213,"date":"2021-12-11T10:00:47","date_gmt":"2021-12-11T09:00:47","guid":{"rendered":"https:\/\/www.kraftfuttermischwerk.de\/blogg\/?p=175213"},"modified":"2021-12-11T10:00:47","modified_gmt":"2021-12-11T09:00:47","slug":"in-berlin-sucht-man-einen-verlorenen-koffer-mit-kassetten-der-ddr-punkband-die-firma","status":"publish","type":"post","link":"https:\/\/www.kraftfuttermischwerk.de\/blogg\/in-berlin-sucht-man-einen-verlorenen-koffer-mit-kassetten-der-ddr-punkband-die-firma\/","title":{"rendered":"In Berlin sucht man einen verlorenen Koffer mit Kassetten der DDR-Punkband die Firma"},"content":{"rendered":"<img loading=\"lazy\" decoding=\"async\" src=\"https:\/\/scontent-ham3-1.xx.fbcdn.net\/v\/t39.30808-6\/263663517_4833515936671842_6555170881351059899_n.jpg?_nc_cat=100&#038;ccb=1-5&#038;_nc_sid=730e14&#038;_nc_ohc=FXsIRSalupIAX_QdUaQ&#038;_nc_ht=scontent-ham3-1.xx&#038;oh=fa4b45aa799018da011d7016a184c3ce&#038;oe=61B8E548\" width=\"1728\" height=\"1296\" class=\"alignnone size-medium\" \/>\n<p>Schon im Juli ergab sich in Berlin <a href=\"https:\/\/www.berliner-zeitung.de\/kultur-vergnuegen\/musik\/suchaufruf-koffer-kassetten-der-ost-punkband-die-firma-li.199425\">diese kuriose und gleichsam traurige Situation<\/a>, in der ein Mann einen Alukoffer in einer Tram stehen lie\u00df. Der Inhalt: nicht wenige Audiokassetten mit Aufnahmen der DDR-Punkband <a href=\"https:\/\/de.wikipedia.org\/wiki\/Die_Firma_(Rockband)\">die Firma<\/a>, die eigentlich allesamt digitalisiert werden sollten, was ohne die Kassetten nun nat\u00fcrlich unm\u00f6glich ist. Jetzt sucht man in Berlin nach diesem Koffer und vielleicht kennt jemand von euch irgendwen, der jemanden kennt und was geh\u00f6rt haben k\u00f6nnte. W\u00e4re schon sch\u00f6n, wenn  die Dinger wieder auftauchen w\u00fcrden. <\/p>\n<blockquote><p>Berlin sucht einen Koffer mit Tonbandkassetten. \u00dcber Facebook hat die Modedesignerin und Journalistin Jane Garber am Dienstag <a href=\"https:\/\/www.facebook.com\/jane.garber.5\/posts\/4833517260005043\">einen Aufruf gestartet<\/a>. Sie war einst mit dem 2015 gestorbenen Frank Tr\u00f6ger, genannt Tr\u00f6tsch, dem S\u00e4nger der Punkband Die Firma, zusammen. Offenbar hat sie auch einen Koffer mit Kassetten geerbt und wollte sich in diesem Sommer um die Hinterlassenschaften ihres Ex k\u00fcmmern und die Tontr\u00e4ger digitalisieren lassen. <\/p><\/blockquote>\n","protected":false},"excerpt":{"rendered":"<p>Schon im Juli ergab sich in Berlin diese kuriose und gleichsam traurige Situation, in der ein Mann einen Alukoffer in einer Tram stehen lie\u00df. Der&#8230;<\/p>\n<div class=\"more-link-wrapper\"><a class=\"more-link\" href=\"https:\/\/www.kraftfuttermischwerk.de\/blogg\/in-berlin-sucht-man-einen-verlorenen-koffer-mit-kassetten-der-ddr-punkband-die-firma\/\">Mehr lesen -&gt;<span class=\"screen-reader-text\">In Berlin sucht man einen verlorenen Koffer mit Kassetten der DDR-Punkband die Firma<\/span><\/a><\/div>\n","protected":false},"author":1,"featured_media":0,"comment_status":"open","ping_status":"open","sticky":false,"template":"","format":"standard","meta":{"jetpack_post_was_ever_published":false,"_jetpack_newsletter_access":"","_jetpack_dont_email_post_to_subs":false,"_jetpack_newsletter_tier_id":0,"_jetpack_memberships_contains_paywalled_content":false,"_jetpack_memberships_contains_paid_content":false,"footnotes":""},"categories":[5],"tags":[82,8791,299,6015,846],"class_list":["post-175213","post","type-post","status-publish","format-standard","hentry","category-musik","tag-berlin","tag-die-firma","tag-gdr","tag-lost-found","tag-punk","entry"],"jetpack_featured_media_url":"","jetpack_shortlink":"https:\/\/wp.me\/pXEnA-JA1","jetpack-related-posts":[],"jetpack_sharing_enabled":true,"_links":{"self":[{"href":"https:\/\/www.kraftfuttermischwerk.de\/blogg\/wp-json\/wp\/v2\/posts\/175213","targetHints":{"allow":["GET"]}}],"collection":[{"href":"https:\/\/www.kraftfuttermischwerk.de\/blogg\/wp-json\/wp\/v2\/posts"}],"about":[{"href":"https:\/\/www.kraftfuttermischwerk.de\/blogg\/wp-json\/wp\/v2\/types\/post"}],"author":[{"embeddable":true,"href":"https:\/\/www.kraftfuttermischwerk.de\/blogg\/wp-json\/wp\/v2\/users\/1"}],"replies":[{"embeddable":true,"href":"https:\/\/www.kraftfuttermischwerk.de\/blogg\/wp-json\/wp\/v2\/comments?post=175213"}],"version-history":[{"count":3,"href":"https:\/\/www.kraftfuttermischwerk.de\/blogg\/wp-json\/wp\/v2\/posts\/175213\/revisions"}],"predecessor-version":[{"id":175217,"href":"https:\/\/www.kraftfuttermischwerk.de\/blogg\/wp-json\/wp\/v2\/posts\/175213\/revisions\/175217"}],"wp:attachment":[{"href":"https:\/\/www.kraftfuttermischwerk.de\/blogg\/wp-json\/wp\/v2\/media?parent=175213"}],"wp:term":[{"taxonomy":"category","embeddable":true,"href":"https:\/\/www.kraftfuttermischwerk.de\/blogg\/wp-json\/wp\/v2\/categories?post=175213"},{"taxonomy":"post_tag","embeddable":true,"href":"https:\/\/www.kraftfuttermischwerk.de\/blogg\/wp-json\/wp\/v2\/tags?post=175213"}],"curies":[{"name":"wp","href":"https:\/\/api.w.org\/{rel}","templated":true}]}}