{"id":17590,"date":"2010-09-10T19:36:01","date_gmt":"2010-09-10T17:36:01","guid":{"rendered":"http:\/\/www.kraftfuttermischwerk.de\/blogg\/?p=17590"},"modified":"2010-09-10T19:37:51","modified_gmt":"2010-09-10T17:37:51","slug":"portraits-schwarzer-musiker-aus-farbklecksen-to-be-young-gifted-and-black-soul-portraits","status":"publish","type":"post","link":"https:\/\/www.kraftfuttermischwerk.de\/blogg\/portraits-schwarzer-musiker-aus-farbklecksen-to-be-young-gifted-and-black-soul-portraits\/","title":{"rendered":"Portraits schwarzer Musiker aus Farbklecksen:  To Be Young, Gifted and Black (Soul Portraits)"},"content":{"rendered":"<p>Keine Ahnung, was genau <a href=\"http:\/\/www.corradogrilli.com\/\">Corrado Grilli<\/a> f\u00fcr seine Portraitreihe <a href=\"http:\/\/www.behance.net\/mecna\/Frame\/229821\">To Be Young, Gifted and Black (Soul Portraits)<\/a> macht, damit seine Arbeiten so aussehen, als w\u00e4ren sie grunds\u00e4tzlich mit den letzten Tropfen einer Kanne gespr\u00fcht worden, aber es sieht gro\u00dfartig aus. <\/p>\n<img loading=\"lazy\" decoding=\"async\" src=\"https:\/\/www.kraftfuttermischwerk.de\/blogg\/wp-content\/uploads2\/2010\/09\/925101266883281-505x505.jpg\" alt=\"\" title=\"925101266883281\" width=\"505\" height=\"505\" class=\"alignnone size-large wp-image-17591\" srcset=\"https:\/\/www.kraftfuttermischwerk.de\/blogg\/wp-content\/uploads2\/2010\/09\/925101266883281-505x505.jpg 505w, https:\/\/www.kraftfuttermischwerk.de\/blogg\/wp-content\/uploads2\/2010\/09\/925101266883281-150x150.jpg 150w, https:\/\/www.kraftfuttermischwerk.de\/blogg\/wp-content\/uploads2\/2010\/09\/925101266883281-300x300.jpg 300w, https:\/\/www.kraftfuttermischwerk.de\/blogg\/wp-content\/uploads2\/2010\/09\/925101266883281.jpeg 600w\" sizes=\"auto, (max-width: 505px) 100vw, 505px\" \/>\n<img loading=\"lazy\" decoding=\"async\" src=\"https:\/\/www.kraftfuttermischwerk.de\/blogg\/wp-content\/uploads2\/2010\/09\/925101266882754-505x505.jpg\" alt=\"\" title=\"925101266882754\" width=\"505\" height=\"505\" class=\"alignnone size-large wp-image-17592\" srcset=\"https:\/\/www.kraftfuttermischwerk.de\/blogg\/wp-content\/uploads2\/2010\/09\/925101266882754-505x505.jpg 505w, https:\/\/www.kraftfuttermischwerk.de\/blogg\/wp-content\/uploads2\/2010\/09\/925101266882754-150x150.jpg 150w, https:\/\/www.kraftfuttermischwerk.de\/blogg\/wp-content\/uploads2\/2010\/09\/925101266882754-300x300.jpg 300w, https:\/\/www.kraftfuttermischwerk.de\/blogg\/wp-content\/uploads2\/2010\/09\/925101266882754.jpeg 600w\" sizes=\"auto, (max-width: 505px) 100vw, 505px\" \/><p><br \/>\n<small>(via <a href=\"http:\/\/blog.thaeger.com\/2010\/09\/10\/gifted-black-musicians\/\">Thaeger<\/a>)<\/small><\/p>\n","protected":false},"excerpt":{"rendered":"<p>Keine Ahnung, was genau Corrado Grilli f\u00fcr seine Portraitreihe To Be Young, Gifted and Black (Soul Portraits) macht, damit seine Arbeiten so aussehen, als w\u00e4ren&#8230;<\/p>\n<div class=\"more-link-wrapper\"><a class=\"more-link\" href=\"https:\/\/www.kraftfuttermischwerk.de\/blogg\/portraits-schwarzer-musiker-aus-farbklecksen-to-be-young-gifted-and-black-soul-portraits\/\">Mehr lesen -&gt;<span class=\"screen-reader-text\">Portraits schwarzer Musiker aus Farbklecksen:  To Be Young, Gifted and Black (Soul Portraits)<\/span><\/a><\/div>\n","protected":false},"author":1,"featured_media":0,"comment_status":"open","ping_status":"open","sticky":false,"template":"","format":"standard","meta":{"jetpack_post_was_ever_published":false,"_jetpack_newsletter_access":"","_jetpack_dont_email_post_to_subs":false,"_jetpack_newsletter_tier_id":0,"_jetpack_memberships_contains_paywalled_content":false,"_jetpack_memberships_contains_paid_content":false,"footnotes":""},"categories":[8],"tags":[],"class_list":["post-17590","post","type-post","status-publish","format-standard","hentry","category-visuelles","entry"],"jetpack_featured_media_url":"","jetpack_shortlink":"https:\/\/wp.me\/pXEnA-4zI","jetpack-related-posts":[],"jetpack_sharing_enabled":true,"_links":{"self":[{"href":"https:\/\/www.kraftfuttermischwerk.de\/blogg\/wp-json\/wp\/v2\/posts\/17590","targetHints":{"allow":["GET"]}}],"collection":[{"href":"https:\/\/www.kraftfuttermischwerk.de\/blogg\/wp-json\/wp\/v2\/posts"}],"about":[{"href":"https:\/\/www.kraftfuttermischwerk.de\/blogg\/wp-json\/wp\/v2\/types\/post"}],"author":[{"embeddable":true,"href":"https:\/\/www.kraftfuttermischwerk.de\/blogg\/wp-json\/wp\/v2\/users\/1"}],"replies":[{"embeddable":true,"href":"https:\/\/www.kraftfuttermischwerk.de\/blogg\/wp-json\/wp\/v2\/comments?post=17590"}],"version-history":[{"count":0,"href":"https:\/\/www.kraftfuttermischwerk.de\/blogg\/wp-json\/wp\/v2\/posts\/17590\/revisions"}],"wp:attachment":[{"href":"https:\/\/www.kraftfuttermischwerk.de\/blogg\/wp-json\/wp\/v2\/media?parent=17590"}],"wp:term":[{"taxonomy":"category","embeddable":true,"href":"https:\/\/www.kraftfuttermischwerk.de\/blogg\/wp-json\/wp\/v2\/categories?post=17590"},{"taxonomy":"post_tag","embeddable":true,"href":"https:\/\/www.kraftfuttermischwerk.de\/blogg\/wp-json\/wp\/v2\/tags?post=17590"}],"curies":[{"name":"wp","href":"https:\/\/api.w.org\/{rel}","templated":true}]}}