{"id":176505,"date":"2022-01-27T13:04:16","date_gmt":"2022-01-27T12:04:16","guid":{"rendered":"https:\/\/www.kraftfuttermischwerk.de\/blogg\/?p=176505"},"modified":"2022-01-28T14:40:39","modified_gmt":"2022-01-28T13:40:39","slug":"zuercherin-will-zelt-auf-balkon-als-wg-zimmer-untervermieten","status":"publish","type":"post","link":"https:\/\/www.kraftfuttermischwerk.de\/blogg\/zuercherin-will-zelt-auf-balkon-als-wg-zimmer-untervermieten\/","title":{"rendered":"Z\u00fcricherin will Zelt auf Balkon als WG-Zimmer untervermieten"},"content":{"rendered":"<img loading=\"lazy\" decoding=\"async\" src=\"https:\/\/www.kraftfuttermischwerk.de\/blogg\/wp-content\/uploads2\/2022\/01\/Bildschirmfoto-2022-01-27-um-12.59.29.jpg\" alt=\"\" width=\"1380\" height=\"1170\" class=\"alignnone size-full wp-image-176506\" srcset=\"https:\/\/www.kraftfuttermischwerk.de\/blogg\/wp-content\/uploads2\/2022\/01\/Bildschirmfoto-2022-01-27-um-12.59.29.jpg 1380w, https:\/\/www.kraftfuttermischwerk.de\/blogg\/wp-content\/uploads2\/2022\/01\/Bildschirmfoto-2022-01-27-um-12.59.29-300x254.jpg 300w, https:\/\/www.kraftfuttermischwerk.de\/blogg\/wp-content\/uploads2\/2022\/01\/Bildschirmfoto-2022-01-27-um-12.59.29-600x509.jpg 600w, https:\/\/www.kraftfuttermischwerk.de\/blogg\/wp-content\/uploads2\/2022\/01\/Bildschirmfoto-2022-01-27-um-12.59.29-768x651.jpg 768w\" sizes=\"auto, (max-width: 1380px) 100vw, 1380px\" \/>\n<img loading=\"lazy\" decoding=\"async\" src=\"https:\/\/www.kraftfuttermischwerk.de\/blogg\/wp-content\/uploads2\/2022\/01\/Bildschirmfoto-2022-01-27-um-12.58.37.jpg\" alt=\"\" width=\"1622\" height=\"322\" class=\"alignnone size-full wp-image-176507\" srcset=\"https:\/\/www.kraftfuttermischwerk.de\/blogg\/wp-content\/uploads2\/2022\/01\/Bildschirmfoto-2022-01-27-um-12.58.37.jpg 1622w, https:\/\/www.kraftfuttermischwerk.de\/blogg\/wp-content\/uploads2\/2022\/01\/Bildschirmfoto-2022-01-27-um-12.58.37-300x60.jpg 300w, https:\/\/www.kraftfuttermischwerk.de\/blogg\/wp-content\/uploads2\/2022\/01\/Bildschirmfoto-2022-01-27-um-12.58.37-600x119.jpg 600w, https:\/\/www.kraftfuttermischwerk.de\/blogg\/wp-content\/uploads2\/2022\/01\/Bildschirmfoto-2022-01-27-um-12.58.37-768x152.jpg 768w, https:\/\/www.kraftfuttermischwerk.de\/blogg\/wp-content\/uploads2\/2022\/01\/Bildschirmfoto-2022-01-27-um-12.58.37-1536x305.jpg 1536w\" sizes=\"auto, (max-width: 1622px) 100vw, 1622px\" \/>\n<p><a href=\"https:\/\/www.meinwgzimmer.ch\/zimmer\/109636\">Originelles WG-Zimmer mit Blick auf den Sternenhimmel<\/a>. Also ich kenne die Wohnungssituation in Z\u00fcrich nicht so genau, aber 500 Franken f\u00fcr ein kleines 2er-Zelt auf dem Balkon als &#8222;WG-Zimmer&#8220; erscheint mir schon etwas \u00fcberteuert. Auch wenn Isomatte, &#8222;M\u00e4tteli und Kissen&#8220; inklusive sind und der Balkon mit 25m\u00b2 mit dazu geh\u00f6rt. Verboten sei das nicht, witzig aber eigentlich auch nicht, denn offenbar fehlt es &#8211; wie fast \u00fcberall in den St\u00e4dten &#8211; an bezahlbarem Wohnraum, was dann eben auch zu solchen Aktionen f\u00fchrt, derer Initiatorin <a href=\"https:\/\/www.20min.ch\/story\/zuercherin-27-will-zelt-auf-balkon-als-wg-zimmer-untervermieten-314061656386\">das durchaus ernst meint<\/a>. <\/p>\n<blockquote><p>Laut Sandra haben sich bereits mehrere Interessentinnen und Interessenten bei ihr gemeldet. \u00abEs sind vor allem Studierende, welche die Idee cool finden. Es sei mal etwas anderes, schreiben viele.\u00bb Das Zelt sei bereits ab dem 1. Februar bezugsbereit. \u00abMir ist klar, dass es im Winter etwas schwierig wird, einen Mieter oder eine Mieterin zu finden. Zumal der Balkon nicht \u00fcberdacht ist. Wenn jemand erst im Fr\u00fchling einziehen m\u00f6chte, ist das f\u00fcr mich auch in Ordnung.\u00bb<\/p><\/blockquote>\n","protected":false},"excerpt":{"rendered":"<p>Originelles WG-Zimmer mit Blick auf den Sternenhimmel. Also ich kenne die Wohnungssituation in Z\u00fcrich nicht so genau, aber 500 Franken f\u00fcr ein kleines 2er-Zelt auf&#8230;<\/p>\n<div class=\"more-link-wrapper\"><a class=\"more-link\" href=\"https:\/\/www.kraftfuttermischwerk.de\/blogg\/zuercherin-will-zelt-auf-balkon-als-wg-zimmer-untervermieten\/\">Mehr lesen -&gt;<span class=\"screen-reader-text\">Z\u00fcricherin will Zelt auf Balkon als WG-Zimmer untervermieten<\/span><\/a><\/div>\n","protected":false},"author":1,"featured_media":176506,"comment_status":"open","ping_status":"open","sticky":false,"template":"","format":"standard","meta":{"jetpack_post_was_ever_published":false,"_jetpack_newsletter_access":"","_jetpack_dont_email_post_to_subs":false,"_jetpack_newsletter_tier_id":0,"_jetpack_memberships_contains_paywalled_content":false,"_jetpack_memberships_contains_paid_content":false,"footnotes":""},"categories":[6],"tags":[6397,5336],"class_list":["post-176505","post","type-post","status-publish","format-standard","has-post-thumbnail","hentry","category-alltaglicher-sinnwahn","tag-wohnraum","tag-zurich","entry"],"jetpack_featured_media_url":"https:\/\/www.kraftfuttermischwerk.de\/blogg\/wp-content\/uploads2\/2022\/01\/Bildschirmfoto-2022-01-27-um-12.59.29.jpg","jetpack_shortlink":"https:\/\/wp.me\/pXEnA-JUR","jetpack-related-posts":[],"jetpack_sharing_enabled":true,"_links":{"self":[{"href":"https:\/\/www.kraftfuttermischwerk.de\/blogg\/wp-json\/wp\/v2\/posts\/176505","targetHints":{"allow":["GET"]}}],"collection":[{"href":"https:\/\/www.kraftfuttermischwerk.de\/blogg\/wp-json\/wp\/v2\/posts"}],"about":[{"href":"https:\/\/www.kraftfuttermischwerk.de\/blogg\/wp-json\/wp\/v2\/types\/post"}],"author":[{"embeddable":true,"href":"https:\/\/www.kraftfuttermischwerk.de\/blogg\/wp-json\/wp\/v2\/users\/1"}],"replies":[{"embeddable":true,"href":"https:\/\/www.kraftfuttermischwerk.de\/blogg\/wp-json\/wp\/v2\/comments?post=176505"}],"version-history":[{"count":4,"href":"https:\/\/www.kraftfuttermischwerk.de\/blogg\/wp-json\/wp\/v2\/posts\/176505\/revisions"}],"predecessor-version":[{"id":176545,"href":"https:\/\/www.kraftfuttermischwerk.de\/blogg\/wp-json\/wp\/v2\/posts\/176505\/revisions\/176545"}],"wp:featuredmedia":[{"embeddable":true,"href":"https:\/\/www.kraftfuttermischwerk.de\/blogg\/wp-json\/wp\/v2\/media\/176506"}],"wp:attachment":[{"href":"https:\/\/www.kraftfuttermischwerk.de\/blogg\/wp-json\/wp\/v2\/media?parent=176505"}],"wp:term":[{"taxonomy":"category","embeddable":true,"href":"https:\/\/www.kraftfuttermischwerk.de\/blogg\/wp-json\/wp\/v2\/categories?post=176505"},{"taxonomy":"post_tag","embeddable":true,"href":"https:\/\/www.kraftfuttermischwerk.de\/blogg\/wp-json\/wp\/v2\/tags?post=176505"}],"curies":[{"name":"wp","href":"https:\/\/api.w.org\/{rel}","templated":true}]}}