{"id":176542,"date":"2022-01-28T13:53:11","date_gmt":"2022-01-28T12:53:11","guid":{"rendered":"https:\/\/www.kraftfuttermischwerk.de\/blogg\/?p=176542"},"modified":"2022-01-28T13:53:11","modified_gmt":"2022-01-28T12:53:11","slug":"zelt-auf-zuericher-balkon-fuer-500-franken-untermiete-ist-pr-aktion-von-jungpolitikern","status":"publish","type":"post","link":"https:\/\/www.kraftfuttermischwerk.de\/blogg\/zelt-auf-zuericher-balkon-fuer-500-franken-untermiete-ist-pr-aktion-von-jungpolitikern\/","title":{"rendered":"Zelt auf Z\u00fcricher Balkon f\u00fcr 500 Franken Untermiete ist PR-Aktion von Jungpolitikern"},"content":{"rendered":"<img loading=\"lazy\" decoding=\"async\" src=\"https:\/\/www.kraftfuttermischwerk.de\/blogg\/wp-content\/uploads2\/2022\/01\/Bildschirmfoto-2022-01-27-um-12.59.29.jpg\" alt=\"\" width=\"1380\" height=\"1170\" class=\"alignnone size-full wp-image-176506\" srcset=\"https:\/\/www.kraftfuttermischwerk.de\/blogg\/wp-content\/uploads2\/2022\/01\/Bildschirmfoto-2022-01-27-um-12.59.29.jpg 1380w, https:\/\/www.kraftfuttermischwerk.de\/blogg\/wp-content\/uploads2\/2022\/01\/Bildschirmfoto-2022-01-27-um-12.59.29-300x254.jpg 300w, https:\/\/www.kraftfuttermischwerk.de\/blogg\/wp-content\/uploads2\/2022\/01\/Bildschirmfoto-2022-01-27-um-12.59.29-600x509.jpg 600w, https:\/\/www.kraftfuttermischwerk.de\/blogg\/wp-content\/uploads2\/2022\/01\/Bildschirmfoto-2022-01-27-um-12.59.29-768x651.jpg 768w\" sizes=\"auto, (max-width: 1380px) 100vw, 1380px\" \/>\n<p>Kurzer Nachtrag zu <a href=\"https:\/\/www.kraftfuttermischwerk.de\/blogg\/zuercherin-will-zelt-auf-balkon-als-wg-zimmer-untervermieten\/\">dem Zelt auf dem Balkon<\/a> in Z\u00fcrich, der f\u00fcr 500 Franken zur Untermiete angeboten wurde: die das Inserat ist <a href=\"https:\/\/www.20min.ch\/story\/zelt-auf-balkon-fuer-500-franken-miete-ist-pr-gag-von-jungpolitikern-847884697603\">eine PR-Aktion einer Politikerin<\/a>, die so auf die beschissene Wohnungsmarktsituation in der Stadt aufmerksam machen will. <\/p>\n<blockquote><p>Das sei auch dringend notwendig, findet die 31-J\u00e4hrige: \u00abAuf das Inserat haben sich rund 15 Personen gemeldet, die meisten davon Studierende. Das ist schockierend.\u00bb Sie fordert: \u00abEs braucht dringend mehr preisg\u00fcnstigen Wohnraum f\u00fcr junge Menschen und mehr Durchmischung im bestehenden preisg\u00fcnstigen Wohnraum, also in den Genossenschaften.\u00bb<\/p>\n<p>Der Zeitpunkt ist dabei nicht zuf\u00e4llig gew\u00e4hlt. Am 13. Februar finden in Z\u00fcrich die Stadtrats- und Gemeinderatswahlen statt. <\/p><\/blockquote>\n<p><small>(Danke, <a href=\"https:\/\/twitter.com\/mmmatze\">Mathias<\/a>!)<\/small><\/p>\n","protected":false},"excerpt":{"rendered":"<p>Kurzer Nachtrag zu dem Zelt auf dem Balkon in Z\u00fcrich, der f\u00fcr 500 Franken zur Untermiete angeboten wurde: die das Inserat ist eine PR-Aktion einer&#8230;<\/p>\n<div class=\"more-link-wrapper\"><a class=\"more-link\" href=\"https:\/\/www.kraftfuttermischwerk.de\/blogg\/zelt-auf-zuericher-balkon-fuer-500-franken-untermiete-ist-pr-aktion-von-jungpolitikern\/\">Mehr lesen -&gt;<span class=\"screen-reader-text\">Zelt auf Z\u00fcricher Balkon f\u00fcr 500 Franken Untermiete ist PR-Aktion von Jungpolitikern<\/span><\/a><\/div>\n","protected":false},"author":1,"featured_media":176506,"comment_status":"open","ping_status":"open","sticky":false,"template":"","format":"standard","meta":{"jetpack_post_was_ever_published":false,"_jetpack_newsletter_access":"","_jetpack_dont_email_post_to_subs":false,"_jetpack_newsletter_tier_id":0,"_jetpack_memberships_contains_paywalled_content":false,"_jetpack_memberships_contains_paid_content":false,"footnotes":""},"categories":[6],"tags":[6397,5336],"class_list":["post-176542","post","type-post","status-publish","format-standard","has-post-thumbnail","hentry","category-alltaglicher-sinnwahn","tag-wohnraum","tag-zurich","entry"],"jetpack_featured_media_url":"https:\/\/www.kraftfuttermischwerk.de\/blogg\/wp-content\/uploads2\/2022\/01\/Bildschirmfoto-2022-01-27-um-12.59.29.jpg","jetpack_shortlink":"https:\/\/wp.me\/pXEnA-JVs","jetpack-related-posts":[],"jetpack_sharing_enabled":true,"_links":{"self":[{"href":"https:\/\/www.kraftfuttermischwerk.de\/blogg\/wp-json\/wp\/v2\/posts\/176542","targetHints":{"allow":["GET"]}}],"collection":[{"href":"https:\/\/www.kraftfuttermischwerk.de\/blogg\/wp-json\/wp\/v2\/posts"}],"about":[{"href":"https:\/\/www.kraftfuttermischwerk.de\/blogg\/wp-json\/wp\/v2\/types\/post"}],"author":[{"embeddable":true,"href":"https:\/\/www.kraftfuttermischwerk.de\/blogg\/wp-json\/wp\/v2\/users\/1"}],"replies":[{"embeddable":true,"href":"https:\/\/www.kraftfuttermischwerk.de\/blogg\/wp-json\/wp\/v2\/comments?post=176542"}],"version-history":[{"count":2,"href":"https:\/\/www.kraftfuttermischwerk.de\/blogg\/wp-json\/wp\/v2\/posts\/176542\/revisions"}],"predecessor-version":[{"id":176544,"href":"https:\/\/www.kraftfuttermischwerk.de\/blogg\/wp-json\/wp\/v2\/posts\/176542\/revisions\/176544"}],"wp:featuredmedia":[{"embeddable":true,"href":"https:\/\/www.kraftfuttermischwerk.de\/blogg\/wp-json\/wp\/v2\/media\/176506"}],"wp:attachment":[{"href":"https:\/\/www.kraftfuttermischwerk.de\/blogg\/wp-json\/wp\/v2\/media?parent=176542"}],"wp:term":[{"taxonomy":"category","embeddable":true,"href":"https:\/\/www.kraftfuttermischwerk.de\/blogg\/wp-json\/wp\/v2\/categories?post=176542"},{"taxonomy":"post_tag","embeddable":true,"href":"https:\/\/www.kraftfuttermischwerk.de\/blogg\/wp-json\/wp\/v2\/tags?post=176542"}],"curies":[{"name":"wp","href":"https:\/\/api.w.org\/{rel}","templated":true}]}}