{"id":179953,"date":"2022-06-21T21:55:31","date_gmt":"2022-06-21T19:55:31","guid":{"rendered":"https:\/\/www.kraftfuttermischwerk.de\/blogg\/?p=179953"},"modified":"2022-06-21T21:57:12","modified_gmt":"2022-06-21T19:57:12","slug":"kinder-tragen-radarrucksaecke-um-autofahrer-daran-zu-erinnern-sich-an-geschwindigkeitsbegrenzungen-zu-halten","status":"publish","type":"post","link":"https:\/\/www.kraftfuttermischwerk.de\/blogg\/kinder-tragen-radarrucksaecke-um-autofahrer-daran-zu-erinnern-sich-an-geschwindigkeitsbegrenzungen-zu-halten\/","title":{"rendered":"Kinder tragen Radarrucks\u00e4cke, um Autofahrer daran zu erinnern, sich an Geschwindigkeitsbegrenzungen zu halten"},"content":{"rendered":"<p>In Quebec, Kanada, hat die Polizei Kinder mit digitalen Radar-Geschwindigkeitsmessschildern an ihren Rucks\u00e4cken ausgestattet, die anzeigen, wie schnell Autofahrer in Schulbereichen fahren, was sie dann daran erinnern soll, wie schnell sie eigentlich fahren sollten. Absurd, dass die &#8222;Kleinen&#8220; somit die &#8222;Gro\u00dfen&#8220; daran erinnern sollen, was erlaubt ist, und was nicht. Au\u00dferdem: perfide T\u00e4ter-etwaige-Opfer-Umkehrung. <em>&#8222;Dann seid ihr doch bitte auch daf\u00fcr mitverantwortlich, wie schnell die Autos fahren!&#8220;<\/em>  Kommt mir ein bisschen die Kotze hoch. Auch wenn es gut gemeint sein mag. Sorry. <\/p>\n<blockquote><p><a href=\"https:\/\/montreal.ctvnews.ca\/drive-me-home-safely-campaign-reminds-drivers-not-to-speed-near-school-zones-1.5597291\">First tested in Laval<\/a>, police there said that &#8222;used as a preventive measure, they attract the attention of drivers and naturally encourage them to reduce their speed. The speed sign also provides a quick reminder of the importance of being alert and attentive when driving.&#8220;<\/p><\/blockquote>\n<blockquote class=\"twitter-tweet\" data-width=\"500\" data-dnt=\"true\">\n<p lang=\"fr\" dir=\"ltr\">Le <a href=\"https:\/\/twitter.com\/PoliceSPAL?ref_src=twsrc%5Etfw\">@PoliceSPAL<\/a> a accompagn\u00e9 ce matin, un \u00e9l\u00e8ve  dans le cadre d\u2019un projet men\u00e9 \u00e0 l&#39;\u00e9cole Marie-Victorin \u00e0 Brossard. Le projet Radar vivant vise \u00e0 sensibiliser les automobilistes, dans les zones scolaires\ud83d\udeb8, \u00e0 porter une attention particuli\u00e8re aux enfants. <a href=\"https:\/\/t.co\/cEy4AsDng8\">https:\/\/t.co\/cEy4AsDng8<\/a> <a href=\"https:\/\/t.co\/mtYvlvYIER\">pic.twitter.com\/mtYvlvYIER<\/a><\/p>\n<p>&mdash; Service de police de l&#39;agglom\u00e9ration de Longueuil (@PoliceSPAL) <a href=\"https:\/\/twitter.com\/PoliceSPAL\/status\/1534867448436072449?ref_src=twsrc%5Etfw\">June 9, 2022<\/a><\/p><\/blockquote>\n<p><script async src=\"https:\/\/platform.twitter.com\/widgets.js\" charset=\"utf-8\"><\/script><br \/>\n<small>(via <a href=\"https:\/\/boingboing.net\/2022\/06\/21\/kids-wearing-radar-backpacks-in-effort-to-get-drivers-to-slow-down-in-school-zones.html\">BoingBoing<\/a>)<\/small><\/p>\n","protected":false},"excerpt":{"rendered":"<p>In Quebec, Kanada, hat die Polizei Kinder mit digitalen Radar-Geschwindigkeitsmessschildern an ihren Rucks\u00e4cken ausgestattet, die anzeigen, wie schnell Autofahrer in Schulbereichen fahren, was sie dann&#8230;<\/p>\n<div class=\"more-link-wrapper\"><a class=\"more-link\" href=\"https:\/\/www.kraftfuttermischwerk.de\/blogg\/kinder-tragen-radarrucksaecke-um-autofahrer-daran-zu-erinnern-sich-an-geschwindigkeitsbegrenzungen-zu-halten\/\">Mehr lesen -&gt;<span class=\"screen-reader-text\">Kinder tragen Radarrucks\u00e4cke, um Autofahrer daran zu erinnern, sich an Geschwindigkeitsbegrenzungen zu halten<\/span><\/a><\/div>\n","protected":false},"author":1,"featured_media":179954,"comment_status":"open","ping_status":"open","sticky":false,"template":"","format":"standard","meta":{"jetpack_post_was_ever_published":false,"_jetpack_newsletter_access":"","_jetpack_dont_email_post_to_subs":false,"_jetpack_newsletter_tier_id":0,"_jetpack_memberships_contains_paywalled_content":false,"_jetpack_memberships_contains_paid_content":false,"footnotes":""},"categories":[6],"tags":[155,1956,8636,1099],"class_list":["post-179953","post","type-post","status-publish","format-standard","has-post-thumbnail","hentry","category-alltaglicher-sinnwahn","tag-canada","tag-childs","tag-idiots-in-cars","tag-traffic","entry"],"jetpack_featured_media_url":"https:\/\/www.kraftfuttermischwerk.de\/blogg\/wp-content\/uploads2\/2022\/06\/Bildschirmfoto-2022-06-21-um-21.52.22.jpg","jetpack_shortlink":"https:\/\/wp.me\/pXEnA-KOt","jetpack-related-posts":[],"jetpack_sharing_enabled":true,"_links":{"self":[{"href":"https:\/\/www.kraftfuttermischwerk.de\/blogg\/wp-json\/wp\/v2\/posts\/179953","targetHints":{"allow":["GET"]}}],"collection":[{"href":"https:\/\/www.kraftfuttermischwerk.de\/blogg\/wp-json\/wp\/v2\/posts"}],"about":[{"href":"https:\/\/www.kraftfuttermischwerk.de\/blogg\/wp-json\/wp\/v2\/types\/post"}],"author":[{"embeddable":true,"href":"https:\/\/www.kraftfuttermischwerk.de\/blogg\/wp-json\/wp\/v2\/users\/1"}],"replies":[{"embeddable":true,"href":"https:\/\/www.kraftfuttermischwerk.de\/blogg\/wp-json\/wp\/v2\/comments?post=179953"}],"version-history":[{"count":3,"href":"https:\/\/www.kraftfuttermischwerk.de\/blogg\/wp-json\/wp\/v2\/posts\/179953\/revisions"}],"predecessor-version":[{"id":179957,"href":"https:\/\/www.kraftfuttermischwerk.de\/blogg\/wp-json\/wp\/v2\/posts\/179953\/revisions\/179957"}],"wp:featuredmedia":[{"embeddable":true,"href":"https:\/\/www.kraftfuttermischwerk.de\/blogg\/wp-json\/wp\/v2\/media\/179954"}],"wp:attachment":[{"href":"https:\/\/www.kraftfuttermischwerk.de\/blogg\/wp-json\/wp\/v2\/media?parent=179953"}],"wp:term":[{"taxonomy":"category","embeddable":true,"href":"https:\/\/www.kraftfuttermischwerk.de\/blogg\/wp-json\/wp\/v2\/categories?post=179953"},{"taxonomy":"post_tag","embeddable":true,"href":"https:\/\/www.kraftfuttermischwerk.de\/blogg\/wp-json\/wp\/v2\/tags?post=179953"}],"curies":[{"name":"wp","href":"https:\/\/api.w.org\/{rel}","templated":true}]}}