{"id":18070,"date":"2010-09-27T23:45:05","date_gmt":"2010-09-27T21:45:05","guid":{"rendered":"http:\/\/www.kraftfuttermischwerk.de\/blogg\/?p=18070"},"modified":"2010-09-27T23:45:05","modified_gmt":"2010-09-27T21:45:05","slug":"just-my-daily-two-cents-393","status":"publish","type":"post","link":"https:\/\/www.kraftfuttermischwerk.de\/blogg\/just-my-daily-two-cents-393\/","title":{"rendered":"Just my daily two cents"},"content":{"rendered":"<p><a href=\"http:\/\/www.spiegel.de\/politik\/deutschland\/0,1518,719803,00.html\">F\u00fcnf-Euro-Erh\u00f6hung &#8211; Der wahre Hartz-Skandal: | SpOn<\/a><br \/>\n<small> Weil immer viel von den Kindern gesprochen, aber so gut wie nie tats\u00e4chlich zu ihrem Wohl entschieden bzw. gehandelt wird. Sehr guter Kommentar von Alexander Neubacher.<\/small><\/p>\n<p><a href=\"http:\/\/www.taz.de\/1\/leben\/kuenste\/artikel\/1\/danach-bin-ich-erschoepft\/\">\u00c4rzte-S\u00e4nger Farin Urlaub als Fotok\u00fcnstler: &#8222;Danach bin ich ersch\u00f6pft&#8220; | taz<\/a><br \/>\n<small><em>&#8222;Farin Urlaub von der Band &#8222;Die \u00c4rzte&#8220; ist jetzt auch Fotograf &#8211; mit professionellem Anspruch. Erstmals stellt er in Berlin aus. Ein Gespr\u00e4ch \u00fcber Neuanf\u00e4nge, Geduld und optische Weltmusik&#8220;<\/em><\/p>\n<p>Weil Fotografie vielleicht auch immer was mit &#8222;ernst sein&#8220; zu tun hat. <\/small><\/p>\n","protected":false},"excerpt":{"rendered":"<p>F\u00fcnf-Euro-Erh\u00f6hung &#8211; Der wahre Hartz-Skandal: | SpOn Weil immer viel von den Kindern gesprochen, aber so gut wie nie tats\u00e4chlich zu ihrem Wohl entschieden bzw.&#8230;<\/p>\n<div class=\"more-link-wrapper\"><a class=\"more-link\" href=\"https:\/\/www.kraftfuttermischwerk.de\/blogg\/just-my-daily-two-cents-393\/\">Mehr lesen -&gt;<span class=\"screen-reader-text\">Just my daily two cents<\/span><\/a><\/div>\n","protected":false},"author":1,"featured_media":0,"comment_status":"open","ping_status":"open","sticky":false,"template":"","format":"standard","meta":{"jetpack_post_was_ever_published":false,"_jetpack_newsletter_access":"","_jetpack_dont_email_post_to_subs":false,"_jetpack_newsletter_tier_id":0,"_jetpack_memberships_contains_paywalled_content":false,"_jetpack_memberships_contains_paid_content":false,"footnotes":""},"categories":[1],"tags":[],"class_list":["post-18070","post","type-post","status-publish","format-standard","hentry","category-nur-mal-so","entry"],"jetpack_featured_media_url":"","jetpack_shortlink":"https:\/\/wp.me\/pXEnA-4Hs","jetpack-related-posts":[],"jetpack_sharing_enabled":true,"_links":{"self":[{"href":"https:\/\/www.kraftfuttermischwerk.de\/blogg\/wp-json\/wp\/v2\/posts\/18070","targetHints":{"allow":["GET"]}}],"collection":[{"href":"https:\/\/www.kraftfuttermischwerk.de\/blogg\/wp-json\/wp\/v2\/posts"}],"about":[{"href":"https:\/\/www.kraftfuttermischwerk.de\/blogg\/wp-json\/wp\/v2\/types\/post"}],"author":[{"embeddable":true,"href":"https:\/\/www.kraftfuttermischwerk.de\/blogg\/wp-json\/wp\/v2\/users\/1"}],"replies":[{"embeddable":true,"href":"https:\/\/www.kraftfuttermischwerk.de\/blogg\/wp-json\/wp\/v2\/comments?post=18070"}],"version-history":[{"count":0,"href":"https:\/\/www.kraftfuttermischwerk.de\/blogg\/wp-json\/wp\/v2\/posts\/18070\/revisions"}],"wp:attachment":[{"href":"https:\/\/www.kraftfuttermischwerk.de\/blogg\/wp-json\/wp\/v2\/media?parent=18070"}],"wp:term":[{"taxonomy":"category","embeddable":true,"href":"https:\/\/www.kraftfuttermischwerk.de\/blogg\/wp-json\/wp\/v2\/categories?post=18070"},{"taxonomy":"post_tag","embeddable":true,"href":"https:\/\/www.kraftfuttermischwerk.de\/blogg\/wp-json\/wp\/v2\/tags?post=18070"}],"curies":[{"name":"wp","href":"https:\/\/api.w.org\/{rel}","templated":true}]}}