{"id":183108,"date":"2022-10-26T13:26:24","date_gmt":"2022-10-26T11:26:24","guid":{"rendered":"https:\/\/www.kraftfuttermischwerk.de\/blogg\/?p=183108"},"modified":"2022-10-26T13:26:24","modified_gmt":"2022-10-26T11:26:24","slug":"studie-belegt-dass-das-9-euro-ticket-die-soziale-teilhabe-von-menschen-mit-geringen-einkommen-staerkte","status":"publish","type":"post","link":"https:\/\/www.kraftfuttermischwerk.de\/blogg\/studie-belegt-dass-das-9-euro-ticket-die-soziale-teilhabe-von-menschen-mit-geringen-einkommen-staerkte\/","title":{"rendered":"Studie belegt, dass das 9-Euro-Ticket die soziale Teilhabe von Menschen mit geringen Einkommen st\u00e4rkte"},"content":{"rendered":"<figure id=\"attachment_183109\" aria-describedby=\"caption-attachment-183109\" style=\"width: 1599px\" class=\"wp-caption alignnone\"><img loading=\"lazy\" decoding=\"async\" src=\"https:\/\/www.kraftfuttermischwerk.de\/blogg\/wp-content\/uploads2\/2022\/10\/9-Euro-Ticket_Juni_2022_Verkehrsverbund_RMV_Unternehmen_VGF_aus_Verkaufsautomat.jpg\" alt=\"\" width=\"1599\" height=\"1096\" class=\"size-full wp-image-183109\" srcset=\"https:\/\/www.kraftfuttermischwerk.de\/blogg\/wp-content\/uploads2\/2022\/10\/9-Euro-Ticket_Juni_2022_Verkehrsverbund_RMV_Unternehmen_VGF_aus_Verkaufsautomat.jpg 1599w, https:\/\/www.kraftfuttermischwerk.de\/blogg\/wp-content\/uploads2\/2022\/10\/9-Euro-Ticket_Juni_2022_Verkehrsverbund_RMV_Unternehmen_VGF_aus_Verkaufsautomat-300x206.jpg 300w, https:\/\/www.kraftfuttermischwerk.de\/blogg\/wp-content\/uploads2\/2022\/10\/9-Euro-Ticket_Juni_2022_Verkehrsverbund_RMV_Unternehmen_VGF_aus_Verkaufsautomat-600x411.jpg 600w, https:\/\/www.kraftfuttermischwerk.de\/blogg\/wp-content\/uploads2\/2022\/10\/9-Euro-Ticket_Juni_2022_Verkehrsverbund_RMV_Unternehmen_VGF_aus_Verkaufsautomat-768x526.jpg 768w, https:\/\/www.kraftfuttermischwerk.de\/blogg\/wp-content\/uploads2\/2022\/10\/9-Euro-Ticket_Juni_2022_Verkehrsverbund_RMV_Unternehmen_VGF_aus_Verkaufsautomat-1536x1053.jpg 1536w\" sizes=\"auto, (max-width: 1599px) 100vw, 1599px\" \/><figcaption id=\"caption-attachment-183109\" class=\"wp-caption-text\"><small>(Foto: <a href=\"https:\/\/commons.wikimedia.org\/wiki\/File:9-Euro-Ticket_Juni_2022_Verkehrsverbund_RMV_Unternehmen_VGF_aus_Verkaufsautomat.jpg\">Shugal<\/a> \u2022 <a href=\"https:\/\/creativecommons.org\/publicdomain\/zero\/1.0\/deed.en\">CC0 1.0<\/a>)<\/small><\/figcaption><\/figure>\n<p>F\u00fcr mich wenig \u00fcberraschend, aber aus Erfurt hier noch mal schwarz auf wei\u00df: <a href=\"https:\/\/idw-online.de\/de\/news803408\">9-Euro-Ticket st\u00e4rkte die soziale Teilhabe von Menschen mit geringen Einkommen<\/a>. Das gilt hier explizit f\u00fcr Erfurt, wo 6000 Menschen im Rahmen einer  Haushaltsbefragung angeschrieben wurden. 1.157 haben geantwortet und sich offenbar weitestgehend positiv \u00fcber das 9-Euro-Ticket ge\u00e4u\u00dfert haben. Ich gehe fest davon aus, dass das in anderen St\u00e4dten nicht gro\u00dfartig anders sein d\u00fcrfte. <\/p>\n<blockquote><p>Eine neue Studie des Instituts Verkehr und Raum der Fachhochschule Erfurt belegt, dass das 9-Euro-Ticket den Zugang zum Verkehrssystem und damit die M\u00f6glichkeiten zur sozialen Teilhabe von Menschen mit geringen Einkommen wesentlich verbessert hat. Das Ticket erm\u00f6glichte f\u00fcr die Befragten vermehrte Sozialkontakte, mehr Aktivit\u00e4ten au\u00dfer Haus und eine verbesserte Erreichbarkeit von Angeboten der Daseinsvorsorge und f\u00fchrte damit insgesamt zu mehr Lebensqualit\u00e4t f\u00fcr einkommensschwache Menschen.<\/p><\/blockquote>\n<p>Schade, dass man diese Menschen nun wieder von der sozialen Teilhabe ausschlie\u00dft. H\u00e4tte ja auch anders laufen k\u00f6nnen. <\/p>\n","protected":false},"excerpt":{"rendered":"<p>F\u00fcr mich wenig \u00fcberraschend, aber aus Erfurt hier noch mal schwarz auf wei\u00df: 9-Euro-Ticket st\u00e4rkte die soziale Teilhabe von Menschen mit geringen Einkommen. Das gilt&#8230;<\/p>\n<div class=\"more-link-wrapper\"><a class=\"more-link\" href=\"https:\/\/www.kraftfuttermischwerk.de\/blogg\/studie-belegt-dass-das-9-euro-ticket-die-soziale-teilhabe-von-menschen-mit-geringen-einkommen-staerkte\/\">Mehr lesen -&gt;<span class=\"screen-reader-text\">Studie belegt, dass das 9-Euro-Ticket die soziale Teilhabe von Menschen mit geringen Einkommen st\u00e4rkte<\/span><\/a><\/div>\n","protected":false},"author":1,"featured_media":183109,"comment_status":"open","ping_status":"open","sticky":false,"template":"","format":"standard","meta":{"jetpack_post_was_ever_published":false,"_jetpack_newsletter_access":"","_jetpack_dont_email_post_to_subs":false,"_jetpack_newsletter_tier_id":0,"_jetpack_memberships_contains_paywalled_content":false,"_jetpack_memberships_contains_paid_content":false,"footnotes":""},"categories":[1],"tags":[8973,9149,9148],"class_list":["post-183108","post","type-post","status-publish","format-standard","has-post-thumbnail","hentry","category-nur-mal-so","tag-9-euro-ticket","tag-erfurt","tag-studie","entry"],"jetpack_featured_media_url":"https:\/\/www.kraftfuttermischwerk.de\/blogg\/wp-content\/uploads2\/2022\/10\/9-Euro-Ticket_Juni_2022_Verkehrsverbund_RMV_Unternehmen_VGF_aus_Verkaufsautomat.jpg","jetpack_shortlink":"https:\/\/wp.me\/pXEnA-LDm","jetpack-related-posts":[],"jetpack_sharing_enabled":true,"_links":{"self":[{"href":"https:\/\/www.kraftfuttermischwerk.de\/blogg\/wp-json\/wp\/v2\/posts\/183108","targetHints":{"allow":["GET"]}}],"collection":[{"href":"https:\/\/www.kraftfuttermischwerk.de\/blogg\/wp-json\/wp\/v2\/posts"}],"about":[{"href":"https:\/\/www.kraftfuttermischwerk.de\/blogg\/wp-json\/wp\/v2\/types\/post"}],"author":[{"embeddable":true,"href":"https:\/\/www.kraftfuttermischwerk.de\/blogg\/wp-json\/wp\/v2\/users\/1"}],"replies":[{"embeddable":true,"href":"https:\/\/www.kraftfuttermischwerk.de\/blogg\/wp-json\/wp\/v2\/comments?post=183108"}],"version-history":[{"count":2,"href":"https:\/\/www.kraftfuttermischwerk.de\/blogg\/wp-json\/wp\/v2\/posts\/183108\/revisions"}],"predecessor-version":[{"id":183111,"href":"https:\/\/www.kraftfuttermischwerk.de\/blogg\/wp-json\/wp\/v2\/posts\/183108\/revisions\/183111"}],"wp:featuredmedia":[{"embeddable":true,"href":"https:\/\/www.kraftfuttermischwerk.de\/blogg\/wp-json\/wp\/v2\/media\/183109"}],"wp:attachment":[{"href":"https:\/\/www.kraftfuttermischwerk.de\/blogg\/wp-json\/wp\/v2\/media?parent=183108"}],"wp:term":[{"taxonomy":"category","embeddable":true,"href":"https:\/\/www.kraftfuttermischwerk.de\/blogg\/wp-json\/wp\/v2\/categories?post=183108"},{"taxonomy":"post_tag","embeddable":true,"href":"https:\/\/www.kraftfuttermischwerk.de\/blogg\/wp-json\/wp\/v2\/tags?post=183108"}],"curies":[{"name":"wp","href":"https:\/\/api.w.org\/{rel}","templated":true}]}}