{"id":185654,"date":"2023-01-23T12:08:31","date_gmt":"2023-01-23T11:08:31","guid":{"rendered":"https:\/\/www.kraftfuttermischwerk.de\/blogg\/?p=185654"},"modified":"2023-01-23T12:08:31","modified_gmt":"2023-01-23T11:08:31","slug":"eine-lange-nacht-ueber-janis-joplin-der-kozmic-blues-einer-pionierin","status":"publish","type":"post","link":"https:\/\/www.kraftfuttermischwerk.de\/blogg\/eine-lange-nacht-ueber-janis-joplin-der-kozmic-blues-einer-pionierin\/","title":{"rendered":"Eine lange Nacht \u00fcber Janis Joplin: Der \u201eKozmic Blues\u201c einer Pionierin"},"content":{"rendered":"<img loading=\"lazy\" decoding=\"async\" src=\"https:\/\/www.kraftfuttermischwerk.de\/blogg\/wp-content\/uploads2\/2023\/01\/Ohne-Titel-2-2.jpg\" alt=\"\" width=\"1086\" height=\"683\" class=\"alignnone size-full wp-image-185655\" srcset=\"https:\/\/www.kraftfuttermischwerk.de\/blogg\/wp-content\/uploads2\/2023\/01\/Ohne-Titel-2-2.jpg 1086w, https:\/\/www.kraftfuttermischwerk.de\/blogg\/wp-content\/uploads2\/2023\/01\/Ohne-Titel-2-2-300x189.jpg 300w, https:\/\/www.kraftfuttermischwerk.de\/blogg\/wp-content\/uploads2\/2023\/01\/Ohne-Titel-2-2-600x377.jpg 600w, https:\/\/www.kraftfuttermischwerk.de\/blogg\/wp-content\/uploads2\/2023\/01\/Ohne-Titel-2-2-768x483.jpg 768w\" sizes=\"auto, (max-width: 1086px) 100vw, 1086px\" \/>\n<p>Janis Joplin w\u00e4re letzte Woche 80 Jahre alt geworden. Deutschlandfunk Kultur hat zu diesem Anlass eine lange Nacht \u00fcber ihr Leben und ihr Schaffen produziert, die gut 3 Stunden geht. <\/p>\n<blockquote><p>Mitten im m\u00e4nnlich dominierten Musikgesch\u00e4ft war Janis Joplin eine Ausnahmes\u00e4ngerin und selbstbewusste K\u00fcnstlerin. Musikerinnen verschiedener Stilrichtungen dient sie bis heute als Inspiration. Am 19. Januar h\u00e4tte sie ihren 80. Geburtstag gefeiert.<\/p><\/blockquote>\n<audio class=\"wp-audio-shortcode\" id=\"audio-185654-1\" preload=\"none\" style=\"width: 100%;\" controls=\"controls\"><source type=\"audio\/mpeg\" src=\"https:\/\/download.deutschlandfunk.de\/file\/dradio\/2023\/01\/21\/lange_nacht_ueber_janis_joplin_drk_20230121_0005_155e6cea.mp3?_=1\" \/><a href=\"https:\/\/download.deutschlandfunk.de\/file\/dradio\/2023\/01\/21\/lange_nacht_ueber_janis_joplin_drk_20230121_0005_155e6cea.mp3\">https:\/\/download.deutschlandfunk.de\/file\/dradio\/2023\/01\/21\/lange_nacht_ueber_janis_joplin_drk_20230121_0005_155e6cea.mp3<\/a><\/audio>\n","protected":false},"excerpt":{"rendered":"<p>Janis Joplin w\u00e4re letzte Woche 80 Jahre alt geworden. Deutschlandfunk Kultur hat zu diesem Anlass eine lange Nacht \u00fcber ihr Leben und ihr Schaffen produziert,&#8230;<\/p>\n<div class=\"more-link-wrapper\"><a class=\"more-link\" href=\"https:\/\/www.kraftfuttermischwerk.de\/blogg\/eine-lange-nacht-ueber-janis-joplin-der-kozmic-blues-einer-pionierin\/\">Mehr lesen -&gt;<span class=\"screen-reader-text\">Eine lange Nacht \u00fcber Janis Joplin: Der \u201eKozmic Blues\u201c einer Pionierin<\/span><\/a><\/div>\n","protected":false},"author":1,"featured_media":185655,"comment_status":"open","ping_status":"open","sticky":false,"template":"","format":"standard","meta":{"jetpack_post_was_ever_published":false,"_jetpack_newsletter_access":"","_jetpack_dont_email_post_to_subs":false,"_jetpack_newsletter_tier_id":0,"_jetpack_memberships_contains_paywalled_content":false,"_jetpack_memberships_contains_paid_content":false,"footnotes":""},"categories":[5],"tags":[8674,236,923],"class_list":["post-185654","post","type-post","status-publish","format-standard","has-post-thumbnail","hentry","category-musik","tag-eine-lange-nacht","tag-janis-joplin","tag-podcast","entry"],"jetpack_featured_media_url":"https:\/\/www.kraftfuttermischwerk.de\/blogg\/wp-content\/uploads2\/2023\/01\/Ohne-Titel-2-2.jpg","jetpack_shortlink":"https:\/\/wp.me\/pXEnA-Miq","jetpack-related-posts":[],"jetpack_sharing_enabled":true,"_links":{"self":[{"href":"https:\/\/www.kraftfuttermischwerk.de\/blogg\/wp-json\/wp\/v2\/posts\/185654","targetHints":{"allow":["GET"]}}],"collection":[{"href":"https:\/\/www.kraftfuttermischwerk.de\/blogg\/wp-json\/wp\/v2\/posts"}],"about":[{"href":"https:\/\/www.kraftfuttermischwerk.de\/blogg\/wp-json\/wp\/v2\/types\/post"}],"author":[{"embeddable":true,"href":"https:\/\/www.kraftfuttermischwerk.de\/blogg\/wp-json\/wp\/v2\/users\/1"}],"replies":[{"embeddable":true,"href":"https:\/\/www.kraftfuttermischwerk.de\/blogg\/wp-json\/wp\/v2\/comments?post=185654"}],"version-history":[{"count":2,"href":"https:\/\/www.kraftfuttermischwerk.de\/blogg\/wp-json\/wp\/v2\/posts\/185654\/revisions"}],"predecessor-version":[{"id":185657,"href":"https:\/\/www.kraftfuttermischwerk.de\/blogg\/wp-json\/wp\/v2\/posts\/185654\/revisions\/185657"}],"wp:featuredmedia":[{"embeddable":true,"href":"https:\/\/www.kraftfuttermischwerk.de\/blogg\/wp-json\/wp\/v2\/media\/185655"}],"wp:attachment":[{"href":"https:\/\/www.kraftfuttermischwerk.de\/blogg\/wp-json\/wp\/v2\/media?parent=185654"}],"wp:term":[{"taxonomy":"category","embeddable":true,"href":"https:\/\/www.kraftfuttermischwerk.de\/blogg\/wp-json\/wp\/v2\/categories?post=185654"},{"taxonomy":"post_tag","embeddable":true,"href":"https:\/\/www.kraftfuttermischwerk.de\/blogg\/wp-json\/wp\/v2\/tags?post=185654"}],"curies":[{"name":"wp","href":"https:\/\/api.w.org\/{rel}","templated":true}]}}