{"id":187430,"date":"2023-03-24T17:22:48","date_gmt":"2023-03-24T16:22:48","guid":{"rendered":"https:\/\/www.kraftfuttermischwerk.de\/blogg\/?p=187430"},"modified":"2023-03-24T17:22:48","modified_gmt":"2023-03-24T16:22:48","slug":"sekundenklebertransportverbot","status":"publish","type":"post","link":"https:\/\/www.kraftfuttermischwerk.de\/blogg\/sekundenklebertransportverbot\/","title":{"rendered":"Sekundenklebertransportverbot"},"content":{"rendered":"<figure id=\"attachment_187431\" aria-describedby=\"caption-attachment-187431\" style=\"width: 1036px\" class=\"wp-caption alignnone\"><img loading=\"lazy\" decoding=\"async\" src=\"https:\/\/www.kraftfuttermischwerk.de\/blogg\/wp-content\/uploads2\/2023\/03\/AdhesivesForHouseUse004.jpg\" alt=\"\" width=\"1036\" height=\"777\" class=\"size-full wp-image-187431\" srcset=\"https:\/\/www.kraftfuttermischwerk.de\/blogg\/wp-content\/uploads2\/2023\/03\/AdhesivesForHouseUse004.jpg 1036w, https:\/\/www.kraftfuttermischwerk.de\/blogg\/wp-content\/uploads2\/2023\/03\/AdhesivesForHouseUse004-300x225.jpg 300w, https:\/\/www.kraftfuttermischwerk.de\/blogg\/wp-content\/uploads2\/2023\/03\/AdhesivesForHouseUse004-600x450.jpg 600w, https:\/\/www.kraftfuttermischwerk.de\/blogg\/wp-content\/uploads2\/2023\/03\/AdhesivesForHouseUse004-768x576.jpg 768w\" sizes=\"auto, (max-width: 1036px) 100vw, 1036px\" \/><figcaption id=\"caption-attachment-187431\" class=\"wp-caption-text\"><small>(Foto: <a href=\"https:\/\/de.wikipedia.org\/wiki\/Klebstoff#\/media\/Datei:AdhesivesForHouseUse004.jpg\">Babi Hijau<\/a>)<\/small><br \/><\/figcaption><\/figure>\n<p>Die Stadt M\u00fcnchen hat gegen sieben Klimaaktivisten ein Sekundenklebertransportverbot erlassen, um so zu unterbinden, dass sie sich Aktivisten auf die Stra\u00dfe kleben k\u00f6nnen. Wie genau das durchgesetzt werden soll und wie gegen &#8222;Sekundenklebertransportverbotsversto\u00dfende&#8220; <small>(<a href=\"https:\/\/www.sueddeutsche.de\/muenchen\/klimapolitik-protest-sekundenkleber-verbot-anordnung-muenchen-1.5774354\">Die Sueddeutsche<\/a> on fire)<\/small> dann vorgegangen wird ist offenbar noch nicht ganz klar. <\/p>\n<blockquote><p>Ist amtlich angeordnet und einfach zu erkl\u00e4ren: Alle Beteiligten an diesem Vorgang &#8211; Aktivisten, Kreisverwaltungsreferat (KVR) und Polizei &#8211; verfolgen ein gro\u00dfes Ziel, den Schutz des Klimas. Dabei denkt die erste Gruppe an Meeresspiegel und Hitzewellen, die beiden anderen Akteure ans Stra\u00dfenklima. So kollidieren die Schutzinteressen, wenn sich jemand auf die Stra\u00dfe klebt und Stau produziert.<\/p><\/blockquote>\n","protected":false},"excerpt":{"rendered":"<p>Die Stadt M\u00fcnchen hat gegen sieben Klimaaktivisten ein Sekundenklebertransportverbot erlassen, um so zu unterbinden, dass sie sich Aktivisten auf die Stra\u00dfe kleben k\u00f6nnen. Wie genau&#8230;<\/p>\n<div class=\"more-link-wrapper\"><a class=\"more-link\" href=\"https:\/\/www.kraftfuttermischwerk.de\/blogg\/sekundenklebertransportverbot\/\">Mehr lesen -&gt;<span class=\"screen-reader-text\">Sekundenklebertransportverbot<\/span><\/a><\/div>\n","protected":false},"author":1,"featured_media":187431,"comment_status":"open","ping_status":"open","sticky":false,"template":"","format":"standard","meta":{"jetpack_post_was_ever_published":false,"_jetpack_newsletter_access":"","_jetpack_dont_email_post_to_subs":false,"_jetpack_newsletter_tier_id":0,"_jetpack_memberships_contains_paywalled_content":false,"_jetpack_memberships_contains_paid_content":false,"footnotes":""},"categories":[6],"tags":[3120,130,764,2942],"class_list":["post-187430","post","type-post","status-publish","format-standard","has-post-thumbnail","hentry","category-alltaglicher-sinnwahn","tag-activism","tag-fun","tag-law","tag-munich","entry"],"jetpack_featured_media_url":"https:\/\/www.kraftfuttermischwerk.de\/blogg\/wp-content\/uploads2\/2023\/03\/AdhesivesForHouseUse004.jpg","jetpack_shortlink":"https:\/\/wp.me\/pXEnA-ML4","jetpack-related-posts":[],"jetpack_sharing_enabled":true,"_links":{"self":[{"href":"https:\/\/www.kraftfuttermischwerk.de\/blogg\/wp-json\/wp\/v2\/posts\/187430","targetHints":{"allow":["GET"]}}],"collection":[{"href":"https:\/\/www.kraftfuttermischwerk.de\/blogg\/wp-json\/wp\/v2\/posts"}],"about":[{"href":"https:\/\/www.kraftfuttermischwerk.de\/blogg\/wp-json\/wp\/v2\/types\/post"}],"author":[{"embeddable":true,"href":"https:\/\/www.kraftfuttermischwerk.de\/blogg\/wp-json\/wp\/v2\/users\/1"}],"replies":[{"embeddable":true,"href":"https:\/\/www.kraftfuttermischwerk.de\/blogg\/wp-json\/wp\/v2\/comments?post=187430"}],"version-history":[{"count":2,"href":"https:\/\/www.kraftfuttermischwerk.de\/blogg\/wp-json\/wp\/v2\/posts\/187430\/revisions"}],"predecessor-version":[{"id":187433,"href":"https:\/\/www.kraftfuttermischwerk.de\/blogg\/wp-json\/wp\/v2\/posts\/187430\/revisions\/187433"}],"wp:featuredmedia":[{"embeddable":true,"href":"https:\/\/www.kraftfuttermischwerk.de\/blogg\/wp-json\/wp\/v2\/media\/187431"}],"wp:attachment":[{"href":"https:\/\/www.kraftfuttermischwerk.de\/blogg\/wp-json\/wp\/v2\/media?parent=187430"}],"wp:term":[{"taxonomy":"category","embeddable":true,"href":"https:\/\/www.kraftfuttermischwerk.de\/blogg\/wp-json\/wp\/v2\/categories?post=187430"},{"taxonomy":"post_tag","embeddable":true,"href":"https:\/\/www.kraftfuttermischwerk.de\/blogg\/wp-json\/wp\/v2\/tags?post=187430"}],"curies":[{"name":"wp","href":"https:\/\/api.w.org\/{rel}","templated":true}]}}