{"id":18857,"date":"2010-10-21T23:21:43","date_gmt":"2010-10-21T21:21:43","guid":{"rendered":"http:\/\/www.kraftfuttermischwerk.de\/blogg\/?p=18857"},"modified":"2010-10-22T00:28:25","modified_gmt":"2010-10-21T22:28:25","slug":"venedikt-reyf-aka-suedmilch-podcast-for-analogsoul","status":"publish","type":"post","link":"https:\/\/www.kraftfuttermischwerk.de\/blogg\/venedikt-reyf-aka-suedmilch-podcast-for-analogsoul\/","title":{"rendered":"Venedikt Reyf aka Suedmilch &#8211; Podcast for Analogsoul"},"content":{"rendered":"<p>Sch\u00f6n bl\u00f6d meinerseits. Da <a href=\"https:\/\/www.kraftfuttermischwerk.de\/blogg\/?p=18748\">verblogge<\/a> ich letztens das Suedmilch-Portrait auf Analogsoul und \u00fcbersehe, dass der gute Mann daf\u00fcr sogar eigens einen Mix abgeliefert hat, den ich hier mal nachschiebe, weil nur alleine die Tracklist schon Musik zu machen scheint. Klanglandschaftlich wie immer, wenn Suedmilch sich hinter die Regler stellt.<\/p>\n<p><object height=\"81\" width=\"100%\"><param name=\"movie\" value=\"http:\/\/player.soundcloud.com\/player.swf?url=http%3A%2F%2Fapi.soundcloud.com%2Ftracks%2F6082885%3Fsecret_token%3Ds-QIoel&#038;secret_url=false\"><\/param><param name=\"allowscriptaccess\" value=\"always\"><\/param><\/object><br \/>\n<small>(<a href=\"http:\/\/soundcloud.com\/suedmilch\/venedikt-reyf-aka-suedmilch-podcast-for-analog-soul\">Direktlink<\/a>, <a href=\"http:\/\/soundcloud.com\/suedmilch\/venedikt-reyf-aka-suedmilch-podcast-for-analog-soul\/download\">Direktdownload<\/a>)<\/small><\/p>\n<p><strong>Playlist:<\/strong><br \/>\nmoritz von oswald<br \/>\nmarko f\u00fcrstenberg<br \/>\nknowone03<br \/>\nitalojohnson01<br \/>\nanton zap<br \/>\nquantec<br \/>\nuncle deep<br \/>\ncomfortable012<br \/>\nxdb<br \/>\naldebaran02<br \/>\nrio padice<br \/>\nmood II swing<br \/>\ntornado wallace<br \/>\nreyf &#038; eidner<br \/>\nsuedmilch &#038; tim toh<\/p>\n","protected":false},"excerpt":{"rendered":"<p>Sch\u00f6n bl\u00f6d meinerseits. Da verblogge ich letztens das Suedmilch-Portrait auf Analogsoul und \u00fcbersehe, dass der gute Mann daf\u00fcr sogar eigens einen Mix abgeliefert hat, den&#8230;<\/p>\n<div class=\"more-link-wrapper\"><a class=\"more-link\" href=\"https:\/\/www.kraftfuttermischwerk.de\/blogg\/venedikt-reyf-aka-suedmilch-podcast-for-analogsoul\/\">Mehr lesen -&gt;<span class=\"screen-reader-text\">Venedikt Reyf aka Suedmilch &#8211; Podcast for Analogsoul<\/span><\/a><\/div>\n","protected":false},"author":1,"featured_media":0,"comment_status":"open","ping_status":"open","sticky":false,"template":"","format":"standard","meta":{"jetpack_post_was_ever_published":false,"_jetpack_newsletter_access":"","_jetpack_dont_email_post_to_subs":false,"_jetpack_newsletter_tier_id":0,"_jetpack_memberships_contains_paywalled_content":false,"_jetpack_memberships_contains_paid_content":false,"footnotes":""},"categories":[5],"tags":[],"class_list":["post-18857","post","type-post","status-publish","format-standard","hentry","category-musik","entry"],"jetpack_featured_media_url":"","jetpack_shortlink":"https:\/\/wp.me\/pXEnA-4U9","jetpack-related-posts":[],"jetpack_sharing_enabled":true,"_links":{"self":[{"href":"https:\/\/www.kraftfuttermischwerk.de\/blogg\/wp-json\/wp\/v2\/posts\/18857","targetHints":{"allow":["GET"]}}],"collection":[{"href":"https:\/\/www.kraftfuttermischwerk.de\/blogg\/wp-json\/wp\/v2\/posts"}],"about":[{"href":"https:\/\/www.kraftfuttermischwerk.de\/blogg\/wp-json\/wp\/v2\/types\/post"}],"author":[{"embeddable":true,"href":"https:\/\/www.kraftfuttermischwerk.de\/blogg\/wp-json\/wp\/v2\/users\/1"}],"replies":[{"embeddable":true,"href":"https:\/\/www.kraftfuttermischwerk.de\/blogg\/wp-json\/wp\/v2\/comments?post=18857"}],"version-history":[{"count":0,"href":"https:\/\/www.kraftfuttermischwerk.de\/blogg\/wp-json\/wp\/v2\/posts\/18857\/revisions"}],"wp:attachment":[{"href":"https:\/\/www.kraftfuttermischwerk.de\/blogg\/wp-json\/wp\/v2\/media?parent=18857"}],"wp:term":[{"taxonomy":"category","embeddable":true,"href":"https:\/\/www.kraftfuttermischwerk.de\/blogg\/wp-json\/wp\/v2\/categories?post=18857"},{"taxonomy":"post_tag","embeddable":true,"href":"https:\/\/www.kraftfuttermischwerk.de\/blogg\/wp-json\/wp\/v2\/tags?post=18857"}],"curies":[{"name":"wp","href":"https:\/\/api.w.org\/{rel}","templated":true}]}}