{"id":189879,"date":"2023-06-21T17:06:55","date_gmt":"2023-06-21T15:06:55","guid":{"rendered":"https:\/\/www.kraftfuttermischwerk.de\/blogg\/?p=189879"},"modified":"2023-06-21T17:06:55","modified_gmt":"2023-06-21T15:06:55","slug":"aphex-twin-mit-neuer-musik-und-ep-ankuendigung-blackbox-life-recorder-21f","status":"publish","type":"post","link":"https:\/\/www.kraftfuttermischwerk.de\/blogg\/aphex-twin-mit-neuer-musik-und-ep-ankuendigung-blackbox-life-recorder-21f\/","title":{"rendered":"Aphex Twin mit neuer Musik  und EP-Ank\u00fcndigung: Blackbox Life Recorder 21f"},"content":{"rendered":"<p>Na das sind ja mal News, die da einfach so aus dem Nichts kommen. Das Aphex Twin diesen Sommer einige Gigs in Europa spielt, war bekannt, dass es aber auch neue Musik von ihm geben w\u00fcrde, war vielleicht nicht ganz absehbar. Passiert nun aber doch. &#8222;Blackbox Life Recorder 21f&#8220; ginge gerade auf Youtube live und gef\u00e4llt mir arg gut. Sehr sch\u00f6nes Ding! K\u00f6nnte gerne l\u00e4nger sein. <\/p>\n<p>Die EP <a href=\"https:\/\/aphextwin.warp.net\/release\/399837-aphex-twin-blackbox-life-recorder-21f-in-a-room7-f760?\">&#8222;Blackbox Life Recorder 21f \/ In a Room7 F760&#8220;<\/a> wird dann am 28. Juli bei Warp ver\u00f6ffentlicht. <\/p>\n<p><span class=\"embed-youtube\" style=\"text-align:center; display: block;\"><iframe loading=\"lazy\" class=\"youtube-player\" width=\"640\" height=\"360\" src=\"https:\/\/www.youtube.com\/embed\/mEkZbWYUego?version=3&#038;rel=1&#038;showsearch=0&#038;showinfo=1&#038;iv_load_policy=1&#038;fs=1&#038;hl=de-DE&#038;autohide=2&#038;wmode=transparent\" allowfullscreen=\"true\" style=\"border:0;\" sandbox=\"allow-scripts allow-same-origin allow-popups allow-presentation allow-popups-to-escape-sandbox\"><\/iframe><\/span><br \/>\n<small>(<a href=\"https:\/\/youtu.be\/mEkZbWYUego\">Direktlink<\/a>)<\/small><\/p>\n","protected":false},"excerpt":{"rendered":"<p>Na das sind ja mal News, die da einfach so aus dem Nichts kommen. Das Aphex Twin diesen Sommer einige Gigs in Europa spielt, war&#8230;<\/p>\n<div class=\"more-link-wrapper\"><a class=\"more-link\" href=\"https:\/\/www.kraftfuttermischwerk.de\/blogg\/aphex-twin-mit-neuer-musik-und-ep-ankuendigung-blackbox-life-recorder-21f\/\">Mehr lesen -&gt;<span class=\"screen-reader-text\">Aphex Twin mit neuer Musik  und EP-Ank\u00fcndigung: Blackbox Life Recorder 21f<\/span><\/a><\/div>\n","protected":false},"author":1,"featured_media":189880,"comment_status":"open","ping_status":"open","sticky":false,"template":"","format":"standard","meta":{"jetpack_post_was_ever_published":false,"_jetpack_newsletter_access":"","_jetpack_dont_email_post_to_subs":false,"_jetpack_newsletter_tier_id":0,"_jetpack_memberships_contains_paywalled_content":false,"_jetpack_memberships_contains_paid_content":false,"footnotes":""},"categories":[5],"tags":[1344],"class_list":["post-189879","post","type-post","status-publish","format-standard","has-post-thumbnail","hentry","category-musik","tag-aphex-twin","entry"],"jetpack_featured_media_url":"https:\/\/www.kraftfuttermischwerk.de\/blogg\/wp-content\/uploads2\/2023\/06\/Bildschirmfoto-2023-06-21-um-16.59.00.jpg","jetpack_shortlink":"https:\/\/wp.me\/pXEnA-Noz","jetpack-related-posts":[],"jetpack_sharing_enabled":true,"_links":{"self":[{"href":"https:\/\/www.kraftfuttermischwerk.de\/blogg\/wp-json\/wp\/v2\/posts\/189879","targetHints":{"allow":["GET"]}}],"collection":[{"href":"https:\/\/www.kraftfuttermischwerk.de\/blogg\/wp-json\/wp\/v2\/posts"}],"about":[{"href":"https:\/\/www.kraftfuttermischwerk.de\/blogg\/wp-json\/wp\/v2\/types\/post"}],"author":[{"embeddable":true,"href":"https:\/\/www.kraftfuttermischwerk.de\/blogg\/wp-json\/wp\/v2\/users\/1"}],"replies":[{"embeddable":true,"href":"https:\/\/www.kraftfuttermischwerk.de\/blogg\/wp-json\/wp\/v2\/comments?post=189879"}],"version-history":[{"count":3,"href":"https:\/\/www.kraftfuttermischwerk.de\/blogg\/wp-json\/wp\/v2\/posts\/189879\/revisions"}],"predecessor-version":[{"id":189883,"href":"https:\/\/www.kraftfuttermischwerk.de\/blogg\/wp-json\/wp\/v2\/posts\/189879\/revisions\/189883"}],"wp:featuredmedia":[{"embeddable":true,"href":"https:\/\/www.kraftfuttermischwerk.de\/blogg\/wp-json\/wp\/v2\/media\/189880"}],"wp:attachment":[{"href":"https:\/\/www.kraftfuttermischwerk.de\/blogg\/wp-json\/wp\/v2\/media?parent=189879"}],"wp:term":[{"taxonomy":"category","embeddable":true,"href":"https:\/\/www.kraftfuttermischwerk.de\/blogg\/wp-json\/wp\/v2\/categories?post=189879"},{"taxonomy":"post_tag","embeddable":true,"href":"https:\/\/www.kraftfuttermischwerk.de\/blogg\/wp-json\/wp\/v2\/tags?post=189879"}],"curies":[{"name":"wp","href":"https:\/\/api.w.org\/{rel}","templated":true}]}}