{"id":189901,"date":"2023-06-22T14:31:19","date_gmt":"2023-06-22T12:31:19","guid":{"rendered":"https:\/\/www.kraftfuttermischwerk.de\/blogg\/?p=189901"},"modified":"2023-06-22T14:32:06","modified_gmt":"2023-06-22T12:32:06","slug":"elon-musk-fordert-mark-zuckerberg-zum-kaefigkampf-heraus-zuckerberg-akzeptiert","status":"publish","type":"post","link":"https:\/\/www.kraftfuttermischwerk.de\/blogg\/elon-musk-fordert-mark-zuckerberg-zum-kaefigkampf-heraus-zuckerberg-akzeptiert\/","title":{"rendered":"Elon Musk fordert Mark Zuckerberg zum K\u00e4figkampf heraus  &#8211; Zuckerberg akzeptiert"},"content":{"rendered":"<img loading=\"lazy\" decoding=\"async\" src=\"https:\/\/www.kraftfuttermischwerk.de\/blogg\/wp-content\/uploads2\/2023\/06\/Ohne-Titel-2-2.jpg\" alt=\"\" width=\"884\" height=\"612\" class=\"alignnone size-full wp-image-189902\" srcset=\"https:\/\/www.kraftfuttermischwerk.de\/blogg\/wp-content\/uploads2\/2023\/06\/Ohne-Titel-2-2.jpg 884w, https:\/\/www.kraftfuttermischwerk.de\/blogg\/wp-content\/uploads2\/2023\/06\/Ohne-Titel-2-2-300x208.jpg 300w, https:\/\/www.kraftfuttermischwerk.de\/blogg\/wp-content\/uploads2\/2023\/06\/Ohne-Titel-2-2-600x415.jpg 600w, https:\/\/www.kraftfuttermischwerk.de\/blogg\/wp-content\/uploads2\/2023\/06\/Ohne-Titel-2-2-768x532.jpg 768w\" sizes=\"auto, (max-width: 884px) 100vw, 884px\" \/>\n<p>Aus der Kategorie reiche Menners und ihr Ego:  Elon Musk hat auf Twitter verlautbaren lassen, dass er zu einem K\u00e4figkampf mit dem Facebook-Besitzer Mark Zuckerberg bereit w\u00e4re. Der ver\u00f6ffentlichte daraufhin einen Screenshot des &#8222;Angebots&#8220; und bat um den Standort der daf\u00fcr angedachten Location, <a href=\"https:\/\/www.bbc.com\/news\/business-65981876\">woraufhin Musk &#8222;Octagon Vegas&#8220; antwortete<\/a>, eine MMA K\u00e4fig-Arena in Las Vegas. <\/p>\n<p>Es ist anzunehmen, dass Musks Aufforderung zum Kampf nicht ganz ernst gemeint ist, Zuckerberg ist trainierter MMA K\u00e4mpfer und hat als solcher auch an Turnieren teilgenommen und Musk w\u00fcrde sich da ziemlich sicher nicht nur einen Satz warme Ohren abholen. F\u00fcr so d\u00e4mlich halte nicht mal ich den. Aber auch schade. Wenn sich zwei derartig nach au\u00dfen gekehrte unangenehme Egos gegenseitig auf die Schnauze hauen w\u00fcrden, h\u00e4tten wir ja alle etwas von. <\/p>\n","protected":false},"excerpt":{"rendered":"<p>Aus der Kategorie reiche Menners und ihr Ego: Elon Musk hat auf Twitter verlautbaren lassen, dass er zu einem K\u00e4figkampf mit dem Facebook-Besitzer Mark Zuckerberg&#8230;<\/p>\n<div class=\"more-link-wrapper\"><a class=\"more-link\" href=\"https:\/\/www.kraftfuttermischwerk.de\/blogg\/elon-musk-fordert-mark-zuckerberg-zum-kaefigkampf-heraus-zuckerberg-akzeptiert\/\">Mehr lesen -&gt;<span class=\"screen-reader-text\">Elon Musk fordert Mark Zuckerberg zum K\u00e4figkampf heraus  &#8211; Zuckerberg akzeptiert<\/span><\/a><\/div>\n","protected":false},"author":1,"featured_media":189902,"comment_status":"open","ping_status":"open","sticky":false,"template":"","format":"standard","meta":{"jetpack_post_was_ever_published":false,"_jetpack_newsletter_access":"","_jetpack_dont_email_post_to_subs":false,"_jetpack_newsletter_tier_id":0,"_jetpack_memberships_contains_paywalled_content":false,"_jetpack_memberships_contains_paid_content":false,"footnotes":""},"categories":[6],"tags":[6734,9446,9445,1128],"class_list":["post-189901","post","type-post","status-publish","format-standard","has-post-thumbnail","hentry","category-alltaglicher-sinnwahn","tag-mark-zuckerberg","tag-masculinity","tag-musk","tag-social-media","entry"],"jetpack_featured_media_url":"https:\/\/www.kraftfuttermischwerk.de\/blogg\/wp-content\/uploads2\/2023\/06\/Ohne-Titel-2-2.jpg","jetpack_shortlink":"https:\/\/wp.me\/pXEnA-NoV","jetpack-related-posts":[],"jetpack_sharing_enabled":true,"_links":{"self":[{"href":"https:\/\/www.kraftfuttermischwerk.de\/blogg\/wp-json\/wp\/v2\/posts\/189901","targetHints":{"allow":["GET"]}}],"collection":[{"href":"https:\/\/www.kraftfuttermischwerk.de\/blogg\/wp-json\/wp\/v2\/posts"}],"about":[{"href":"https:\/\/www.kraftfuttermischwerk.de\/blogg\/wp-json\/wp\/v2\/types\/post"}],"author":[{"embeddable":true,"href":"https:\/\/www.kraftfuttermischwerk.de\/blogg\/wp-json\/wp\/v2\/users\/1"}],"replies":[{"embeddable":true,"href":"https:\/\/www.kraftfuttermischwerk.de\/blogg\/wp-json\/wp\/v2\/comments?post=189901"}],"version-history":[{"count":2,"href":"https:\/\/www.kraftfuttermischwerk.de\/blogg\/wp-json\/wp\/v2\/posts\/189901\/revisions"}],"predecessor-version":[{"id":189904,"href":"https:\/\/www.kraftfuttermischwerk.de\/blogg\/wp-json\/wp\/v2\/posts\/189901\/revisions\/189904"}],"wp:featuredmedia":[{"embeddable":true,"href":"https:\/\/www.kraftfuttermischwerk.de\/blogg\/wp-json\/wp\/v2\/media\/189902"}],"wp:attachment":[{"href":"https:\/\/www.kraftfuttermischwerk.de\/blogg\/wp-json\/wp\/v2\/media?parent=189901"}],"wp:term":[{"taxonomy":"category","embeddable":true,"href":"https:\/\/www.kraftfuttermischwerk.de\/blogg\/wp-json\/wp\/v2\/categories?post=189901"},{"taxonomy":"post_tag","embeddable":true,"href":"https:\/\/www.kraftfuttermischwerk.de\/blogg\/wp-json\/wp\/v2\/tags?post=189901"}],"curies":[{"name":"wp","href":"https:\/\/api.w.org\/{rel}","templated":true}]}}